{"id":19384,"date":"2024-10-01T21:44:30","date_gmt":"2024-10-01T19:44:30","guid":{"rendered":"http:\/\/www.sp1.imielin.pl\/?p=19384"},"modified":"2024-10-01T21:44:30","modified_gmt":"2024-10-01T19:44:30","slug":"czytamy-przedszkolakom-3","status":"publish","type":"post","link":"https:\/\/sp1.imielin.pl\/index.php\/2024\/10\/01\/czytamy-przedszkolakom-3\/","title":{"rendered":"Czytamy przedszkolakom"},"content":{"rendered":"<p style=\"text-align: justify;\">Zawsze si\u0119 znajdzie dobry pow\u00f3d, \u017ceby odwiedzi\u0107 naszych zaprzyja\u017anionych przedszkolak\u00f3w. Tym razem by\u0142 to Og\u00f3lnopolski Dzie\u0144 G\u0142o\u015bnego Czytania. Uczennice z klasy 8b czyta\u0142y bajki grupom Misi\u00f3w, Kotk\u00f3w i Gwiazdek. Prosz\u0119 zobaczy\u0107, jak\u0105 ciep\u0142\u0105 relacj\u0119 uda\u0142o si\u0119 mi\u0119dzy nimi nawi\u0105za\u0107.<\/p>\n<p style=\"text-align: justify;\"><a href=\"https:\/\/www.facebook.com\/photo?fbid=1085184866706596&amp;set=pcb.1085185263373223\">FOTORELACJA\u00a0<\/a><\/p>\n<div class=\"pld-like-dislike-wrap pld-template-2\">\r\n    <div class=\"pld-like-wrap  pld-common-wrap\">\r\n    <a href=\"javascript:void(0)\" class=\"pld-like-trigger pld-like-dislike-trigger  \" title=\"\" data-post-id=\"19384\" data-trigger-type=\"like\" data-restriction=\"cookie\" data-already-liked=\"0\">\r\n                        <i class=\"fas fa-heart\"><\/i>\r\n                <\/a>\r\n    <span class=\"pld-like-count-wrap pld-count-wrap\">    <\/span>\r\n<\/div><\/div>","protected":false},"excerpt":{"rendered":"<p>Zawsze si\u0119 znajdzie dobry pow\u00f3d, \u017ceby odwiedzi\u0107 naszych zaprzyja\u017anionych przedszkolak\u00f3w. Tym razem by\u0142 to Og\u00f3lnopolski Dzie\u0144 G\u0142o\u015bnego Czytania. Uczennice z klasy 8b czyta\u0142y bajki grupom Misi\u00f3w, Kotk\u00f3w i Gwiazdek. Prosz\u0119 zobaczy\u0107, jak\u0105 ciep\u0142\u0105 relacj\u0119 uda\u0142o si\u0119 mi\u0119dzy nimi nawi\u0105za\u0107. FOTORELACJA\u00a0<\/p>\n","protected":false},"author":2,"featured_media":19385,"comment_status":"closed","ping_status":"closed","sticky":false,"template":"","format":"standard","meta":{"_uag_custom_page_level_css":"","footnotes":""},"categories":[5],"tags":[],"class_list":["post-19384","post","type-post","status-publish","format-standard","has-post-thumbnail","hentry","category-z-zycia-szkoly"],"uagb_featured_image_src":{"full":["https:\/\/sp1.imielin.pl\/wp-content\/uploads\/2024\/10\/ffff.png",739,322,false],"thumbnail":["https:\/\/sp1.imielin.pl\/wp-content\/uploads\/2024\/10\/ffff-150x150.png",150,150,true],"medium":["https:\/\/sp1.imielin.pl\/wp-content\/uploads\/2024\/10\/ffff-300x131.png",300,131,true],"medium_large":["https:\/\/sp1.imielin.pl\/wp-content\/uploads\/2024\/10\/ffff.png",525,229,false],"large":["https:\/\/sp1.imielin.pl\/wp-content\/uploads\/2024\/10\/ffff.png",525,229,false],"1536x1536":["https:\/\/sp1.imielin.pl\/wp-content\/uploads\/2024\/10\/ffff.png",739,322,false],"2048x2048":["https:\/\/sp1.imielin.pl\/wp-content\/uploads\/2024\/10\/ffff.png",739,322,false],"gurukul-education-featured-image":["https:\/\/sp1.imielin.pl\/wp-content\/uploads\/2024\/10\/ffff.png",739,322,false],"gurukul-education-thumbnail-avatar":["https:\/\/sp1.imielin.pl\/wp-content\/uploads\/2024\/10\/ffff-100x100.png",100,100,true]},"uagb_author_info":{"display_name":"Maria Habryka","author_link":"https:\/\/sp1.imielin.pl\/index.php\/author\/maria\/"},"uagb_comment_info":0,"uagb_excerpt":"Zawsze si\u0119 znajdzie dobry pow\u00f3d, \u017ceby odwiedzi\u0107 naszych zaprzyja\u017anionych przedszkolak\u00f3w. Tym razem by\u0142 to Og\u00f3lnopolski Dzie\u0144 G\u0142o\u015bnego Czytania. Uczennice z klasy 8b czyta\u0142y bajki grupom Misi\u00f3w, Kotk\u00f3w i Gwiazdek. Prosz\u0119 zobaczy\u0107, jak\u0105 ciep\u0142\u0105 relacj\u0119 uda\u0142o si\u0119 mi\u0119dzy nimi nawi\u0105za\u0107. FOTORELACJA\u00a0","_links":{"self":[{"href":"https:\/\/sp1.imielin.pl\/index.php\/wp-json\/wp\/v2\/posts\/19384","targetHints":{"allow":["GET"]}}],"collection":[{"href":"https:\/\/sp1.imielin.pl\/index.php\/wp-json\/wp\/v2\/posts"}],"about":[{"href":"https:\/\/sp1.imielin.pl\/index.php\/wp-json\/wp\/v2\/types\/post"}],"author":[{"embeddable":true,"href":"https:\/\/sp1.imielin.pl\/index.php\/wp-json\/wp\/v2\/users\/2"}],"replies":[{"embeddable":true,"href":"https:\/\/sp1.imielin.pl\/index.php\/wp-json\/wp\/v2\/comments?post=19384"}],"version-history":[{"count":0,"href":"https:\/\/sp1.imielin.pl\/index.php\/wp-json\/wp\/v2\/posts\/19384\/revisions"}],"wp:featuredmedia":[{"embeddable":true,"href":"https:\/\/sp1.imielin.pl\/index.php\/wp-json\/wp\/v2\/media\/19385"}],"wp:attachment":[{"href":"https:\/\/sp1.imielin.pl\/index.php\/wp-json\/wp\/v2\/media?parent=19384"}],"wp:term":[{"taxonomy":"category","embeddable":true,"href":"https:\/\/sp1.imielin.pl\/index.php\/wp-json\/wp\/v2\/categories?post=19384"},{"taxonomy":"post_tag","embeddable":true,"href":"https:\/\/sp1.imielin.pl\/index.php\/wp-json\/wp\/v2\/tags?post=19384"}],"curies":[{"name":"wp","href":"https:\/\/api.w.org\/{rel}","templated":true}]}}