{"id":19396,"date":"2024-10-02T23:59:41","date_gmt":"2024-10-02T21:59:41","guid":{"rendered":"http:\/\/www.sp1.imielin.pl\/?p=19396"},"modified":"2024-10-02T23:59:41","modified_gmt":"2024-10-02T21:59:41","slug":"zajecia-z-edukacji-prozdrowotnej","status":"publish","type":"post","link":"https:\/\/sp1.imielin.pl\/index.php\/2024\/10\/02\/zajecia-z-edukacji-prozdrowotnej\/","title":{"rendered":"Zaj\u0119cia z edukacji prozdrowotnej"},"content":{"rendered":"<p style=\"text-align: justify;\"> W naszej szkole odby\u0142y si\u0119 wyj\u0105tkowe zaj\u0119cia z edukacji prozdrowotnej w ramach og\u00f3lnopolskiego programu &#8222;Owoce i warzywa w szkole&#8221;!<br \/>\n Klasy drugie wykaza\u0142y si\u0119 niesamowit\u0105 kreatywno\u015bci\u0105, przygotowuj\u0105c przepyszne dania z owocami. By\u0142y sa\u0142atki, kolorowe zwierzaki, owocowe ludki i smakowite szasz\u0142yki! Dzieci da\u0142y si\u0119 ponie\u015b\u0107 wyobra\u017ani, a efekt? Same zdrowe pyszno\u015bci!<br \/>\n To by\u0142a \u015bwietna lekcja zdrowego od\u017cywiania, kt\u00f3ra na pewno zostanie w pami\u0119ci na d\u0142ugo. Brawo dla naszych ma\u0142ych kucharzy! <\/p>\n<p style=\"text-align: justify;\"><a href=\"https:\/\/www.facebook.com\/sp1.imielin\/videos\/540291098472190\">FILM\u00a0<\/a><\/p>\n<div class=\"pld-like-dislike-wrap pld-template-2\">\r\n    <div class=\"pld-like-wrap  pld-common-wrap\">\r\n    <a href=\"javascript:void(0)\" class=\"pld-like-trigger pld-like-dislike-trigger  \" title=\"\" data-post-id=\"19396\" data-trigger-type=\"like\" data-restriction=\"cookie\" data-already-liked=\"0\">\r\n                        <i class=\"fas fa-heart\"><\/i>\r\n                <\/a>\r\n    <span class=\"pld-like-count-wrap pld-count-wrap\">    <\/span>\r\n<\/div><\/div>","protected":false},"excerpt":{"rendered":"<p>W naszej szkole odby\u0142y si\u0119 wyj\u0105tkowe zaj\u0119cia z edukacji prozdrowotnej w ramach og\u00f3lnopolskiego programu &#8222;Owoce i warzywa w szkole&#8221;! Klasy drugie wykaza\u0142y si\u0119 niesamowit\u0105 kreatywno\u015bci\u0105, przygotowuj\u0105c przepyszne dania z owocami. By\u0142y sa\u0142atki, kolorowe zwierzaki, owocowe ludki i smakowite szasz\u0142yki! Dzieci da\u0142y si\u0119 ponie\u015b\u0107 wyobra\u017ani, a efekt? Same zdrowe pyszno\u015bci! To by\u0142a \u015bwietna lekcja zdrowego od\u017cywiania, [&hellip;]<\/p>\n","protected":false},"author":2,"featured_media":19397,"comment_status":"closed","ping_status":"closed","sticky":false,"template":"","format":"standard","meta":{"_uag_custom_page_level_css":"","footnotes":""},"categories":[5],"tags":[],"class_list":["post-19396","post","type-post","status-publish","format-standard","has-post-thumbnail","hentry","category-z-zycia-szkoly"],"uagb_featured_image_src":{"full":["https:\/\/sp1.imielin.pl\/wp-content\/uploads\/2024\/10\/ytrr.png",732,327,false],"thumbnail":["https:\/\/sp1.imielin.pl\/wp-content\/uploads\/2024\/10\/ytrr-150x150.png",150,150,true],"medium":["https:\/\/sp1.imielin.pl\/wp-content\/uploads\/2024\/10\/ytrr-300x134.png",300,134,true],"medium_large":["https:\/\/sp1.imielin.pl\/wp-content\/uploads\/2024\/10\/ytrr.png",525,235,false],"large":["https:\/\/sp1.imielin.pl\/wp-content\/uploads\/2024\/10\/ytrr.png",525,235,false],"1536x1536":["https:\/\/sp1.imielin.pl\/wp-content\/uploads\/2024\/10\/ytrr.png",732,327,false],"2048x2048":["https:\/\/sp1.imielin.pl\/wp-content\/uploads\/2024\/10\/ytrr.png",732,327,false],"gurukul-education-featured-image":["https:\/\/sp1.imielin.pl\/wp-content\/uploads\/2024\/10\/ytrr.png",732,327,false],"gurukul-education-thumbnail-avatar":["https:\/\/sp1.imielin.pl\/wp-content\/uploads\/2024\/10\/ytrr-100x100.png",100,100,true]},"uagb_author_info":{"display_name":"Maria Habryka","author_link":"https:\/\/sp1.imielin.pl\/index.php\/author\/maria\/"},"uagb_comment_info":0,"uagb_excerpt":"W naszej szkole odby\u0142y si\u0119 wyj\u0105tkowe zaj\u0119cia z edukacji prozdrowotnej w ramach og\u00f3lnopolskiego programu &#8222;Owoce i warzywa w szkole&#8221;! Klasy drugie wykaza\u0142y si\u0119 niesamowit\u0105 kreatywno\u015bci\u0105, przygotowuj\u0105c przepyszne dania z owocami. By\u0142y sa\u0142atki, kolorowe zwierzaki, owocowe ludki i smakowite szasz\u0142yki! Dzieci da\u0142y si\u0119 ponie\u015b\u0107 wyobra\u017ani, a efekt? Same zdrowe pyszno\u015bci! To by\u0142a \u015bwietna lekcja zdrowego od\u017cywiania,&hellip;","_links":{"self":[{"href":"https:\/\/sp1.imielin.pl\/index.php\/wp-json\/wp\/v2\/posts\/19396","targetHints":{"allow":["GET"]}}],"collection":[{"href":"https:\/\/sp1.imielin.pl\/index.php\/wp-json\/wp\/v2\/posts"}],"about":[{"href":"https:\/\/sp1.imielin.pl\/index.php\/wp-json\/wp\/v2\/types\/post"}],"author":[{"embeddable":true,"href":"https:\/\/sp1.imielin.pl\/index.php\/wp-json\/wp\/v2\/users\/2"}],"replies":[{"embeddable":true,"href":"https:\/\/sp1.imielin.pl\/index.php\/wp-json\/wp\/v2\/comments?post=19396"}],"version-history":[{"count":0,"href":"https:\/\/sp1.imielin.pl\/index.php\/wp-json\/wp\/v2\/posts\/19396\/revisions"}],"wp:featuredmedia":[{"embeddable":true,"href":"https:\/\/sp1.imielin.pl\/index.php\/wp-json\/wp\/v2\/media\/19397"}],"wp:attachment":[{"href":"https:\/\/sp1.imielin.pl\/index.php\/wp-json\/wp\/v2\/media?parent=19396"}],"wp:term":[{"taxonomy":"category","embeddable":true,"href":"https:\/\/sp1.imielin.pl\/index.php\/wp-json\/wp\/v2\/categories?post=19396"},{"taxonomy":"post_tag","embeddable":true,"href":"https:\/\/sp1.imielin.pl\/index.php\/wp-json\/wp\/v2\/tags?post=19396"}],"curies":[{"name":"wp","href":"https:\/\/api.w.org\/{rel}","templated":true}]}}