{"id":19465,"date":"2024-10-14T13:40:10","date_gmt":"2024-10-14T11:40:10","guid":{"rendered":"http:\/\/www.sp1.imielin.pl\/?p=19465"},"modified":"2024-10-14T13:40:10","modified_gmt":"2024-10-14T11:40:10","slug":"erasmusdays","status":"publish","type":"post","link":"https:\/\/sp1.imielin.pl\/index.php\/2024\/10\/14\/erasmusdays\/","title":{"rendered":"#ERASMUSDAYS"},"content":{"rendered":"<p style=\"text-align: justify;\">W dniu dzisiejszym w ramach upowszechniania rezultat\u00f3w projektu Erasmus+ nasza szko\u0142a bierze udzia\u0142 w og\u00f3lnoeuropejskim wydarzeniu #ERASMUSDAYS, do kt\u00f3rego do\u0142\u0105czy\u0142o w sumie ponad 9603 uczestnik\u00f3w w ca\u0142ej Europie! Na mapie wydarze\u0144 znalaz\u0142a si\u0119 r\u00f3wnie\u017c nasza ukochana SP1 Imielin! Wsp\u00f3lnie cieszymy si\u0119 z korzy\u015bci jakie oferuje program i dzielimy si\u0119 innowacjami zachodz\u0105cymi w naszej szkole dzi\u0119ki uczestnictwu w projekcie Think Global Act Local (Edukacja Szkolna) dofinansowanym przez Uni\u0119 Europejsk\u0105. Poni\u017cej znajdziecie link do PADLETA, na kt\u00f3rym publikujemy dzia\u0142ania edukacyjne, projekty uczniowskie, migawki z najciekawszych lekcji gdzie wykorzystujemy wiedz\u0119 zdobyt\u0105 w czasie mobilno\u015bci w Chorwacji, Portugalii i na Teneryfie. Stosujemy narz\u0119dzia TIK, promujemy program eTwinning i robimy wiele by nasza szko\u0142a by\u0142a EKO. Nauczyciele innych szk\u00f3\u0142 znajd\u0105 w naszym nauczycielskim PADLECIE mn\u00f3stwo inspiracji do dzia\u0142ania. Zapraszamy do klikni\u0119cia!<\/p>\n<p style=\"text-align: justify;\"><a href=\"https:\/\/padlet.com\/annaturczynska\/think-global-act-local-2023-1-pl01-ka122-sch-000129845-dofin-7e4ubh4jtxqsyx1n?fbclid=IwY2xjawF54BtleHRuA2FlbQIxMAABHaeedWUjzUsnBLukiqfcGk-JTFYbzI5gK8I-Wc2BexwEJWxpr6j39AJSBw_aem_p6XYMl6N-YysrPDrd_X2ig\">PADLET <\/a><\/p>\n<p style=\"text-align: justify;\"><a href=\"https:\/\/www.facebook.com\/photo?fbid=1095308842360865&amp;set=pcb.1095308885694194\">FOTO<\/a><\/p>\n<p style=\"text-align: justify;\">\n<div class=\"pld-like-dislike-wrap pld-template-2\">\r\n    <div class=\"pld-like-wrap  pld-common-wrap\">\r\n    <a href=\"javascript:void(0)\" class=\"pld-like-trigger pld-like-dislike-trigger  \" title=\"\" data-post-id=\"19465\" data-trigger-type=\"like\" data-restriction=\"cookie\" data-already-liked=\"0\">\r\n                        <i class=\"fas fa-heart\"><\/i>\r\n                <\/a>\r\n    <span class=\"pld-like-count-wrap pld-count-wrap\">    <\/span>\r\n<\/div><\/div>","protected":false},"excerpt":{"rendered":"<p>W dniu dzisiejszym w ramach upowszechniania rezultat\u00f3w projektu Erasmus+ nasza szko\u0142a bierze udzia\u0142 w og\u00f3lnoeuropejskim wydarzeniu #ERASMUSDAYS, do kt\u00f3rego do\u0142\u0105czy\u0142o w sumie ponad 9603 uczestnik\u00f3w w ca\u0142ej Europie! Na mapie wydarze\u0144 znalaz\u0142a si\u0119 r\u00f3wnie\u017c nasza ukochana SP1 Imielin! Wsp\u00f3lnie cieszymy si\u0119 z korzy\u015bci jakie oferuje program i dzielimy si\u0119 innowacjami zachodz\u0105cymi w naszej szkole dzi\u0119ki [&hellip;]<\/p>\n","protected":false},"author":2,"featured_media":19466,"comment_status":"closed","ping_status":"closed","sticky":false,"template":"","format":"standard","meta":{"_uag_custom_page_level_css":"","footnotes":""},"categories":[5],"tags":[],"class_list":["post-19465","post","type-post","status-publish","format-standard","has-post-thumbnail","hentry","category-z-zycia-szkoly"],"uagb_featured_image_src":{"full":["https:\/\/sp1.imielin.pl\/wp-content\/uploads\/2024\/10\/463071452_1095308945694188_3856453490346562064_n.jpg",800,470,false],"thumbnail":["https:\/\/sp1.imielin.pl\/wp-content\/uploads\/2024\/10\/463071452_1095308945694188_3856453490346562064_n-150x150.jpg",150,150,true],"medium":["https:\/\/sp1.imielin.pl\/wp-content\/uploads\/2024\/10\/463071452_1095308945694188_3856453490346562064_n-300x176.jpg",300,176,true],"medium_large":["https:\/\/sp1.imielin.pl\/wp-content\/uploads\/2024\/10\/463071452_1095308945694188_3856453490346562064_n-768x451.jpg",525,308,true],"large":["https:\/\/sp1.imielin.pl\/wp-content\/uploads\/2024\/10\/463071452_1095308945694188_3856453490346562064_n.jpg",525,308,false],"1536x1536":["https:\/\/sp1.imielin.pl\/wp-content\/uploads\/2024\/10\/463071452_1095308945694188_3856453490346562064_n.jpg",800,470,false],"2048x2048":["https:\/\/sp1.imielin.pl\/wp-content\/uploads\/2024\/10\/463071452_1095308945694188_3856453490346562064_n.jpg",800,470,false],"gurukul-education-featured-image":["https:\/\/sp1.imielin.pl\/wp-content\/uploads\/2024\/10\/463071452_1095308945694188_3856453490346562064_n.jpg",800,470,false],"gurukul-education-thumbnail-avatar":["https:\/\/sp1.imielin.pl\/wp-content\/uploads\/2024\/10\/463071452_1095308945694188_3856453490346562064_n-100x100.jpg",100,100,true]},"uagb_author_info":{"display_name":"Maria Habryka","author_link":"https:\/\/sp1.imielin.pl\/index.php\/author\/maria\/"},"uagb_comment_info":0,"uagb_excerpt":"W dniu dzisiejszym w ramach upowszechniania rezultat\u00f3w projektu Erasmus+ nasza szko\u0142a bierze udzia\u0142 w og\u00f3lnoeuropejskim wydarzeniu #ERASMUSDAYS, do kt\u00f3rego do\u0142\u0105czy\u0142o w sumie ponad 9603 uczestnik\u00f3w w ca\u0142ej Europie! Na mapie wydarze\u0144 znalaz\u0142a si\u0119 r\u00f3wnie\u017c nasza ukochana SP1 Imielin! Wsp\u00f3lnie cieszymy si\u0119 z korzy\u015bci jakie oferuje program i dzielimy si\u0119 innowacjami zachodz\u0105cymi w naszej szkole dzi\u0119ki&hellip;","_links":{"self":[{"href":"https:\/\/sp1.imielin.pl\/index.php\/wp-json\/wp\/v2\/posts\/19465","targetHints":{"allow":["GET"]}}],"collection":[{"href":"https:\/\/sp1.imielin.pl\/index.php\/wp-json\/wp\/v2\/posts"}],"about":[{"href":"https:\/\/sp1.imielin.pl\/index.php\/wp-json\/wp\/v2\/types\/post"}],"author":[{"embeddable":true,"href":"https:\/\/sp1.imielin.pl\/index.php\/wp-json\/wp\/v2\/users\/2"}],"replies":[{"embeddable":true,"href":"https:\/\/sp1.imielin.pl\/index.php\/wp-json\/wp\/v2\/comments?post=19465"}],"version-history":[{"count":0,"href":"https:\/\/sp1.imielin.pl\/index.php\/wp-json\/wp\/v2\/posts\/19465\/revisions"}],"wp:featuredmedia":[{"embeddable":true,"href":"https:\/\/sp1.imielin.pl\/index.php\/wp-json\/wp\/v2\/media\/19466"}],"wp:attachment":[{"href":"https:\/\/sp1.imielin.pl\/index.php\/wp-json\/wp\/v2\/media?parent=19465"}],"wp:term":[{"taxonomy":"category","embeddable":true,"href":"https:\/\/sp1.imielin.pl\/index.php\/wp-json\/wp\/v2\/categories?post=19465"},{"taxonomy":"post_tag","embeddable":true,"href":"https:\/\/sp1.imielin.pl\/index.php\/wp-json\/wp\/v2\/tags?post=19465"}],"curies":[{"name":"wp","href":"https:\/\/api.w.org\/{rel}","templated":true}]}}