{"id":19468,"date":"2024-10-14T13:44:43","date_gmt":"2024-10-14T11:44:43","guid":{"rendered":"http:\/\/www.sp1.imielin.pl\/?p=19468"},"modified":"2024-10-14T13:44:43","modified_gmt":"2024-10-14T11:44:43","slug":"spotkanie-upowszechniajace-rezultaty-projektu-think-global-act-local-w-ramach-erasmus-days","status":"publish","type":"post","link":"https:\/\/sp1.imielin.pl\/index.php\/2024\/10\/14\/spotkanie-upowszechniajace-rezultaty-projektu-think-global-act-local-w-ramach-erasmus-days\/","title":{"rendered":"Spotkanie upowszechniaj\u0105ce rezultaty projektu Think Global Act Local w ramach Erasmus Days"},"content":{"rendered":"<p style=\"text-align: justify;\">Wiedz\u0105 na temat trwaj\u0105cego w naszej szkole projektu Think Global Act Local w ramach #ERASMUSDAYS# uda\u0142o nam si\u0119 r\u00f3wnie\u017c podzieli\u0107 z Dyrektorami oraz Nauczycielami s\u0105siaduj\u0105cych plac\u00f3wek (szk\u00f3\u0142 i przedszkoli) w czasie wsp\u00f3lnego spotkania przy stole w minionym tygodniu, w kt\u00f3rym wzi\u0119\u0142o udzia\u0142 ponad 30 os\u00f3b. Poni\u017cej znajduje si\u0119 kr\u00f3tka prezentacja wy\u015bwietlona podczas spotkania podsumowuj\u0105ca odbyte mobilno\u015bci oraz zmiany zachodz\u0105ce w naszej szkole przy wykorzystaniu wiedzy, metod i form pracy poznanych w czasie zagranicznych kurs\u00f3w szkoleniowych przez 19 nauczycieli naszej szko\u0142y w Chorwacji, Portugalii oraz na Teneryfie.<\/p>\n<p style=\"text-align: justify;\"><a href=\"https:\/\/www.facebook.com\/sp1.imielin\/videos\/467438075630630\">FILM <\/a><\/p>\n<p style=\"text-align: justify;\"><a href=\"https:\/\/www.facebook.com\/photo\/?fbid=1095387852352964&amp;set=pcb.1095388062352943\">FOTORELACJA ZE SPOTKANIA <\/a><\/p>\n<div class=\"pld-like-dislike-wrap pld-template-2\">\r\n    <div class=\"pld-like-wrap  pld-common-wrap\">\r\n    <a href=\"javascript:void(0)\" class=\"pld-like-trigger pld-like-dislike-trigger  \" title=\"\" data-post-id=\"19468\" data-trigger-type=\"like\" data-restriction=\"cookie\" data-already-liked=\"0\">\r\n                        <i class=\"fas fa-heart\"><\/i>\r\n                <\/a>\r\n    <span class=\"pld-like-count-wrap pld-count-wrap\">    <\/span>\r\n<\/div><\/div>","protected":false},"excerpt":{"rendered":"<p>Wiedz\u0105 na temat trwaj\u0105cego w naszej szkole projektu Think Global Act Local w ramach #ERASMUSDAYS# uda\u0142o nam si\u0119 r\u00f3wnie\u017c podzieli\u0107 z Dyrektorami oraz Nauczycielami s\u0105siaduj\u0105cych plac\u00f3wek (szk\u00f3\u0142 i przedszkoli) w czasie wsp\u00f3lnego spotkania przy stole w minionym tygodniu, w kt\u00f3rym wzi\u0119\u0142o udzia\u0142 ponad 30 os\u00f3b. Poni\u017cej znajduje si\u0119 kr\u00f3tka prezentacja wy\u015bwietlona podczas spotkania podsumowuj\u0105ca odbyte [&hellip;]<\/p>\n","protected":false},"author":2,"featured_media":19469,"comment_status":"closed","ping_status":"closed","sticky":false,"template":"","format":"standard","meta":{"_uag_custom_page_level_css":"","footnotes":""},"categories":[5],"tags":[],"class_list":["post-19468","post","type-post","status-publish","format-standard","has-post-thumbnail","hentry","category-z-zycia-szkoly"],"uagb_featured_image_src":{"full":["https:\/\/sp1.imielin.pl\/wp-content\/uploads\/2024\/10\/463262676_1095388232352926_7294484622973045075_n.jpg",500,375,false],"thumbnail":["https:\/\/sp1.imielin.pl\/wp-content\/uploads\/2024\/10\/463262676_1095388232352926_7294484622973045075_n-150x150.jpg",150,150,true],"medium":["https:\/\/sp1.imielin.pl\/wp-content\/uploads\/2024\/10\/463262676_1095388232352926_7294484622973045075_n-300x225.jpg",300,225,true],"medium_large":["https:\/\/sp1.imielin.pl\/wp-content\/uploads\/2024\/10\/463262676_1095388232352926_7294484622973045075_n.jpg",500,375,false],"large":["https:\/\/sp1.imielin.pl\/wp-content\/uploads\/2024\/10\/463262676_1095388232352926_7294484622973045075_n.jpg",500,375,false],"1536x1536":["https:\/\/sp1.imielin.pl\/wp-content\/uploads\/2024\/10\/463262676_1095388232352926_7294484622973045075_n.jpg",500,375,false],"2048x2048":["https:\/\/sp1.imielin.pl\/wp-content\/uploads\/2024\/10\/463262676_1095388232352926_7294484622973045075_n.jpg",500,375,false],"gurukul-education-featured-image":["https:\/\/sp1.imielin.pl\/wp-content\/uploads\/2024\/10\/463262676_1095388232352926_7294484622973045075_n.jpg",500,375,false],"gurukul-education-thumbnail-avatar":["https:\/\/sp1.imielin.pl\/wp-content\/uploads\/2024\/10\/463262676_1095388232352926_7294484622973045075_n-100x100.jpg",100,100,true]},"uagb_author_info":{"display_name":"Maria Habryka","author_link":"https:\/\/sp1.imielin.pl\/index.php\/author\/maria\/"},"uagb_comment_info":0,"uagb_excerpt":"Wiedz\u0105 na temat trwaj\u0105cego w naszej szkole projektu Think Global Act Local w ramach #ERASMUSDAYS# uda\u0142o nam si\u0119 r\u00f3wnie\u017c podzieli\u0107 z Dyrektorami oraz Nauczycielami s\u0105siaduj\u0105cych plac\u00f3wek (szk\u00f3\u0142 i przedszkoli) w czasie wsp\u00f3lnego spotkania przy stole w minionym tygodniu, w kt\u00f3rym wzi\u0119\u0142o udzia\u0142 ponad 30 os\u00f3b. Poni\u017cej znajduje si\u0119 kr\u00f3tka prezentacja wy\u015bwietlona podczas spotkania podsumowuj\u0105ca odbyte&hellip;","_links":{"self":[{"href":"https:\/\/sp1.imielin.pl\/index.php\/wp-json\/wp\/v2\/posts\/19468","targetHints":{"allow":["GET"]}}],"collection":[{"href":"https:\/\/sp1.imielin.pl\/index.php\/wp-json\/wp\/v2\/posts"}],"about":[{"href":"https:\/\/sp1.imielin.pl\/index.php\/wp-json\/wp\/v2\/types\/post"}],"author":[{"embeddable":true,"href":"https:\/\/sp1.imielin.pl\/index.php\/wp-json\/wp\/v2\/users\/2"}],"replies":[{"embeddable":true,"href":"https:\/\/sp1.imielin.pl\/index.php\/wp-json\/wp\/v2\/comments?post=19468"}],"version-history":[{"count":0,"href":"https:\/\/sp1.imielin.pl\/index.php\/wp-json\/wp\/v2\/posts\/19468\/revisions"}],"wp:featuredmedia":[{"embeddable":true,"href":"https:\/\/sp1.imielin.pl\/index.php\/wp-json\/wp\/v2\/media\/19469"}],"wp:attachment":[{"href":"https:\/\/sp1.imielin.pl\/index.php\/wp-json\/wp\/v2\/media?parent=19468"}],"wp:term":[{"taxonomy":"category","embeddable":true,"href":"https:\/\/sp1.imielin.pl\/index.php\/wp-json\/wp\/v2\/categories?post=19468"},{"taxonomy":"post_tag","embeddable":true,"href":"https:\/\/sp1.imielin.pl\/index.php\/wp-json\/wp\/v2\/tags?post=19468"}],"curies":[{"name":"wp","href":"https:\/\/api.w.org\/{rel}","templated":true}]}}