{"id":19471,"date":"2024-10-14T19:10:01","date_gmt":"2024-10-14T17:10:01","guid":{"rendered":"http:\/\/www.sp1.imielin.pl\/?p=19471"},"modified":"2024-10-14T19:10:01","modified_gmt":"2024-10-14T17:10:01","slug":"dzien-edukacji-narodowej-3","status":"publish","type":"post","link":"https:\/\/sp1.imielin.pl\/index.php\/2024\/10\/14\/dzien-edukacji-narodowej-3\/","title":{"rendered":"Dzie\u0144 Edukacji Narodowej"},"content":{"rendered":"<p style=\"text-align: justify;\">\u2728 Z okazji Dnia Edukacji Narodowej z rado\u015bci\u0105 zapraszamy do zapoznania si\u0119 z relacj\u0105 z naszej akademii!<br \/>\nDzi\u0119ki niezwyk\u0142ym staraniom uczni\u00f3w klas 5 oraz naszego szkolnego ch\u00f3ru przygotowali\u015bmy program artystyczny, kt\u00f3ry na d\u0142ugo pozostanie w pami\u0119ci. Wyst\u0119p rozpocz\u0119\u0142a utalentowana gimnastyczka Zuzanna Ochabowicz, kt\u00f3ra zachwyci\u0142a wszystkich swoimi umiej\u0119tno\u015bciami! \u200d\u2640\ufe0f Tematem skeczu by\u0142a zabawna historia o organizacji wyjazdu dla nauczycieli oraz pracownik\u00f3w obs\u0142ugi i administracji na s\u0142oneczn\u0105 Majork\u0119. \u2708\ufe0f Wszyscy mieli\u015bmy du\u017co rado\u015bci i \u015bmiechu, a atmosfera by\u0142a pe\u0142na pozytywnej energii.<br \/>\nNa zako\u0144czenie tego wyj\u0105tkowego dnia ka\u017cdy nauczyciel i pracownik szko\u0142y otrzyma\u0142 symboliczny bilet na Majork\u0119, co by\u0142o mi\u0142ym akcentem doceniaj\u0105cym ich ci\u0119\u017ck\u0105 prac\u0119 i zaanga\u017cowanie.<br \/>\n\ufe0f Pani Dyrektor wr\u0119czy\u0142a r\u00f3wnie\u017c nagrody dyrektora dla wyr\u00f3\u017cniaj\u0105cych si\u0119 nauczycieli, podkre\u015blaj\u0105c ich wk\u0142ad w rozw\u00f3j naszych uczni\u00f3w.<br \/>\nSerdecznie dzi\u0119kujemy wszystkim za przybycie na dzisiejsz\u0105 akademi\u0119, a szczeg\u00f3lnie naszym emerytowanym nauczycielkom, kt\u00f3re zaszczyci\u0142y nas swoj\u0105 obecno\u015bci\u0105. To dzi\u0119ki Waszej pracy, po\u015bwi\u0119ceniu i zaanga\u017cowaniu kolejne pokolenia uczni\u00f3w mog\u0142y zdobywa\u0107 wiedz\u0119 i rozwija\u0107 si\u0119. Jeste\u015bcie fundamentem naszej spo\u0142eczno\u015bci, a Wasza obecno\u015b\u0107 dzisiaj przypomina nam, jak wa\u017cna jest rola nauczyciela w \u017cyciu ka\u017cdego cz\u0142owieka. <\/p>\n<p style=\"text-align: justify;\"><a href=\"https:\/\/www.facebook.com\/photo\/?fbid=1095609612330788&amp;set=pcb.1095613918997024\">FOTORELACJA\u00a0<\/a><\/p>\n<div class=\"pld-like-dislike-wrap pld-template-2\">\r\n    <div class=\"pld-like-wrap  pld-common-wrap\">\r\n    <a href=\"javascript:void(0)\" class=\"pld-like-trigger pld-like-dislike-trigger  \" title=\"\" data-post-id=\"19471\" data-trigger-type=\"like\" data-restriction=\"cookie\" data-already-liked=\"0\">\r\n                        <i class=\"fas fa-heart\"><\/i>\r\n                <\/a>\r\n    <span class=\"pld-like-count-wrap pld-count-wrap\">    <\/span>\r\n<\/div><\/div>","protected":false},"excerpt":{"rendered":"<p>\u2728 Z okazji Dnia Edukacji Narodowej z rado\u015bci\u0105 zapraszamy do zapoznania si\u0119 z relacj\u0105 z naszej akademii! Dzi\u0119ki niezwyk\u0142ym staraniom uczni\u00f3w klas 5 oraz naszego szkolnego ch\u00f3ru przygotowali\u015bmy program artystyczny, kt\u00f3ry na d\u0142ugo pozostanie w pami\u0119ci. Wyst\u0119p rozpocz\u0119\u0142a utalentowana gimnastyczka Zuzanna Ochabowicz, kt\u00f3ra zachwyci\u0142a wszystkich swoimi umiej\u0119tno\u015bciami! \u200d\u2640\ufe0f Tematem skeczu by\u0142a zabawna historia o organizacji [&hellip;]<\/p>\n","protected":false},"author":2,"featured_media":19472,"comment_status":"closed","ping_status":"closed","sticky":false,"template":"","format":"standard","meta":{"_uag_custom_page_level_css":"","footnotes":""},"categories":[5],"tags":[],"class_list":["post-19471","post","type-post","status-publish","format-standard","has-post-thumbnail","hentry","category-z-zycia-szkoly"],"uagb_featured_image_src":{"full":["https:\/\/sp1.imielin.pl\/wp-content\/uploads\/2024\/10\/462259742_1095611972330552_234433396270110751_n.jpg",512,342,false],"thumbnail":["https:\/\/sp1.imielin.pl\/wp-content\/uploads\/2024\/10\/462259742_1095611972330552_234433396270110751_n-150x150.jpg",150,150,true],"medium":["https:\/\/sp1.imielin.pl\/wp-content\/uploads\/2024\/10\/462259742_1095611972330552_234433396270110751_n-300x200.jpg",300,200,true],"medium_large":["https:\/\/sp1.imielin.pl\/wp-content\/uploads\/2024\/10\/462259742_1095611972330552_234433396270110751_n.jpg",512,342,false],"large":["https:\/\/sp1.imielin.pl\/wp-content\/uploads\/2024\/10\/462259742_1095611972330552_234433396270110751_n.jpg",512,342,false],"1536x1536":["https:\/\/sp1.imielin.pl\/wp-content\/uploads\/2024\/10\/462259742_1095611972330552_234433396270110751_n.jpg",512,342,false],"2048x2048":["https:\/\/sp1.imielin.pl\/wp-content\/uploads\/2024\/10\/462259742_1095611972330552_234433396270110751_n.jpg",512,342,false],"gurukul-education-featured-image":["https:\/\/sp1.imielin.pl\/wp-content\/uploads\/2024\/10\/462259742_1095611972330552_234433396270110751_n.jpg",512,342,false],"gurukul-education-thumbnail-avatar":["https:\/\/sp1.imielin.pl\/wp-content\/uploads\/2024\/10\/462259742_1095611972330552_234433396270110751_n-100x100.jpg",100,100,true]},"uagb_author_info":{"display_name":"Maria Habryka","author_link":"https:\/\/sp1.imielin.pl\/index.php\/author\/maria\/"},"uagb_comment_info":0,"uagb_excerpt":"\u2728 Z okazji Dnia Edukacji Narodowej z rado\u015bci\u0105 zapraszamy do zapoznania si\u0119 z relacj\u0105 z naszej akademii! Dzi\u0119ki niezwyk\u0142ym staraniom uczni\u00f3w klas 5 oraz naszego szkolnego ch\u00f3ru przygotowali\u015bmy program artystyczny, kt\u00f3ry na d\u0142ugo pozostanie w pami\u0119ci. Wyst\u0119p rozpocz\u0119\u0142a utalentowana gimnastyczka Zuzanna Ochabowicz, kt\u00f3ra zachwyci\u0142a wszystkich swoimi umiej\u0119tno\u015bciami! \u200d\u2640\ufe0f Tematem skeczu by\u0142a zabawna historia o organizacji&hellip;","_links":{"self":[{"href":"https:\/\/sp1.imielin.pl\/index.php\/wp-json\/wp\/v2\/posts\/19471","targetHints":{"allow":["GET"]}}],"collection":[{"href":"https:\/\/sp1.imielin.pl\/index.php\/wp-json\/wp\/v2\/posts"}],"about":[{"href":"https:\/\/sp1.imielin.pl\/index.php\/wp-json\/wp\/v2\/types\/post"}],"author":[{"embeddable":true,"href":"https:\/\/sp1.imielin.pl\/index.php\/wp-json\/wp\/v2\/users\/2"}],"replies":[{"embeddable":true,"href":"https:\/\/sp1.imielin.pl\/index.php\/wp-json\/wp\/v2\/comments?post=19471"}],"version-history":[{"count":0,"href":"https:\/\/sp1.imielin.pl\/index.php\/wp-json\/wp\/v2\/posts\/19471\/revisions"}],"wp:featuredmedia":[{"embeddable":true,"href":"https:\/\/sp1.imielin.pl\/index.php\/wp-json\/wp\/v2\/media\/19472"}],"wp:attachment":[{"href":"https:\/\/sp1.imielin.pl\/index.php\/wp-json\/wp\/v2\/media?parent=19471"}],"wp:term":[{"taxonomy":"category","embeddable":true,"href":"https:\/\/sp1.imielin.pl\/index.php\/wp-json\/wp\/v2\/categories?post=19471"},{"taxonomy":"post_tag","embeddable":true,"href":"https:\/\/sp1.imielin.pl\/index.php\/wp-json\/wp\/v2\/tags?post=19471"}],"curies":[{"name":"wp","href":"https:\/\/api.w.org\/{rel}","templated":true}]}}