{"id":19483,"date":"2024-10-16T21:41:14","date_gmt":"2024-10-16T19:41:14","guid":{"rendered":"http:\/\/www.sp1.imielin.pl\/?p=19483"},"modified":"2024-10-16T21:41:14","modified_gmt":"2024-10-16T19:41:14","slug":"klasy-7-czuja-rytm","status":"publish","type":"post","link":"https:\/\/sp1.imielin.pl\/index.php\/2024\/10\/16\/klasy-7-czuja-rytm\/","title":{"rendered":"Klasy 7 czuj\u0105 rytm"},"content":{"rendered":"<p style=\"text-align: justify;\"> Na lekcji muzyki uczniowie klas 7 pokazali, \u017ce rytm i koordynacja to ich mocna strona!  Mamy okazj\u0119 pos\u0142ucha\u0107 wyst\u0119p\u00f3w gry na kubkach \u2013 prostego, ale niezwykle efektownego sposobu na rozwijanie umiej\u0119tno\u015bci muzycznych.  Z ka\u017cd\u0105 kolejn\u0105 pr\u00f3b\u0105 uczniowie coraz lepiej \u0142\u0105czyli rytm z ruchem, pokazuj\u0105c, jak \u015bwietnie mo\u017cna si\u0119 bawi\u0107, tworz\u0105c muzyk\u0119 z codziennych przedmiot\u00f3w. Takie zaj\u0119cia nie tylko ucz\u0105 rytmiki, ale tak\u017ce wsp\u00f3\u0142pracy i kreatywno\u015bci. Brawo dla wszystkich uczestnik\u00f3w za zaanga\u017cowanie i talent! <\/p>\n<p style=\"text-align: justify;\"><a href=\"https:\/\/www.facebook.com\/100056452794332\/videos\/pcb.1097074848850931\/488427314191008\">FILMY\u00a0<\/a><\/p>\n<div class=\"pld-like-dislike-wrap pld-template-2\">\r\n    <div class=\"pld-like-wrap  pld-common-wrap\">\r\n    <a href=\"javascript:void(0)\" class=\"pld-like-trigger pld-like-dislike-trigger  \" title=\"\" data-post-id=\"19483\" data-trigger-type=\"like\" data-restriction=\"cookie\" data-already-liked=\"0\">\r\n                        <i class=\"fas fa-heart\"><\/i>\r\n                <\/a>\r\n    <span class=\"pld-like-count-wrap pld-count-wrap\">    <\/span>\r\n<\/div><\/div>","protected":false},"excerpt":{"rendered":"<p>Na lekcji muzyki uczniowie klas 7 pokazali, \u017ce rytm i koordynacja to ich mocna strona! Mamy okazj\u0119 pos\u0142ucha\u0107 wyst\u0119p\u00f3w gry na kubkach \u2013 prostego, ale niezwykle efektownego sposobu na rozwijanie umiej\u0119tno\u015bci muzycznych. Z ka\u017cd\u0105 kolejn\u0105 pr\u00f3b\u0105 uczniowie coraz lepiej \u0142\u0105czyli rytm z ruchem, pokazuj\u0105c, jak \u015bwietnie mo\u017cna si\u0119 bawi\u0107, tworz\u0105c muzyk\u0119 z codziennych przedmiot\u00f3w. Takie [&hellip;]<\/p>\n","protected":false},"author":2,"featured_media":19484,"comment_status":"closed","ping_status":"closed","sticky":false,"template":"","format":"standard","meta":{"_uag_custom_page_level_css":"","footnotes":""},"categories":[5],"tags":[],"class_list":["post-19483","post","type-post","status-publish","format-standard","has-post-thumbnail","hentry","category-z-zycia-szkoly"],"uagb_featured_image_src":{"full":["https:\/\/sp1.imielin.pl\/wp-content\/uploads\/2024\/10\/eew.png",668,344,false],"thumbnail":["https:\/\/sp1.imielin.pl\/wp-content\/uploads\/2024\/10\/eew-150x150.png",150,150,true],"medium":["https:\/\/sp1.imielin.pl\/wp-content\/uploads\/2024\/10\/eew-300x154.png",300,154,true],"medium_large":["https:\/\/sp1.imielin.pl\/wp-content\/uploads\/2024\/10\/eew.png",525,270,false],"large":["https:\/\/sp1.imielin.pl\/wp-content\/uploads\/2024\/10\/eew.png",525,270,false],"1536x1536":["https:\/\/sp1.imielin.pl\/wp-content\/uploads\/2024\/10\/eew.png",668,344,false],"2048x2048":["https:\/\/sp1.imielin.pl\/wp-content\/uploads\/2024\/10\/eew.png",668,344,false],"gurukul-education-featured-image":["https:\/\/sp1.imielin.pl\/wp-content\/uploads\/2024\/10\/eew.png",668,344,false],"gurukul-education-thumbnail-avatar":["https:\/\/sp1.imielin.pl\/wp-content\/uploads\/2024\/10\/eew-100x100.png",100,100,true]},"uagb_author_info":{"display_name":"Maria Habryka","author_link":"https:\/\/sp1.imielin.pl\/index.php\/author\/maria\/"},"uagb_comment_info":0,"uagb_excerpt":"Na lekcji muzyki uczniowie klas 7 pokazali, \u017ce rytm i koordynacja to ich mocna strona! Mamy okazj\u0119 pos\u0142ucha\u0107 wyst\u0119p\u00f3w gry na kubkach \u2013 prostego, ale niezwykle efektownego sposobu na rozwijanie umiej\u0119tno\u015bci muzycznych. Z ka\u017cd\u0105 kolejn\u0105 pr\u00f3b\u0105 uczniowie coraz lepiej \u0142\u0105czyli rytm z ruchem, pokazuj\u0105c, jak \u015bwietnie mo\u017cna si\u0119 bawi\u0107, tworz\u0105c muzyk\u0119 z codziennych przedmiot\u00f3w. Takie&hellip;","_links":{"self":[{"href":"https:\/\/sp1.imielin.pl\/index.php\/wp-json\/wp\/v2\/posts\/19483","targetHints":{"allow":["GET"]}}],"collection":[{"href":"https:\/\/sp1.imielin.pl\/index.php\/wp-json\/wp\/v2\/posts"}],"about":[{"href":"https:\/\/sp1.imielin.pl\/index.php\/wp-json\/wp\/v2\/types\/post"}],"author":[{"embeddable":true,"href":"https:\/\/sp1.imielin.pl\/index.php\/wp-json\/wp\/v2\/users\/2"}],"replies":[{"embeddable":true,"href":"https:\/\/sp1.imielin.pl\/index.php\/wp-json\/wp\/v2\/comments?post=19483"}],"version-history":[{"count":0,"href":"https:\/\/sp1.imielin.pl\/index.php\/wp-json\/wp\/v2\/posts\/19483\/revisions"}],"wp:featuredmedia":[{"embeddable":true,"href":"https:\/\/sp1.imielin.pl\/index.php\/wp-json\/wp\/v2\/media\/19484"}],"wp:attachment":[{"href":"https:\/\/sp1.imielin.pl\/index.php\/wp-json\/wp\/v2\/media?parent=19483"}],"wp:term":[{"taxonomy":"category","embeddable":true,"href":"https:\/\/sp1.imielin.pl\/index.php\/wp-json\/wp\/v2\/categories?post=19483"},{"taxonomy":"post_tag","embeddable":true,"href":"https:\/\/sp1.imielin.pl\/index.php\/wp-json\/wp\/v2\/tags?post=19483"}],"curies":[{"name":"wp","href":"https:\/\/api.w.org\/{rel}","templated":true}]}}