{"id":19486,"date":"2024-10-17T20:57:21","date_gmt":"2024-10-17T18:57:21","guid":{"rendered":"http:\/\/www.sp1.imielin.pl\/?p=19486"},"modified":"2024-10-17T20:57:21","modified_gmt":"2024-10-17T18:57:21","slug":"klasa-2a-tworzy-w-glinie","status":"publish","type":"post","link":"https:\/\/sp1.imielin.pl\/index.php\/2024\/10\/17\/klasa-2a-tworzy-w-glinie\/","title":{"rendered":"Klasa 2a tworzy w glinie"},"content":{"rendered":"<p style=\"text-align: justify;\">Uczniowie klasy 2a wznie\u015bli swoje artystyczne umiej\u0119tno\u015bci na nowe wy\u017cyny, tworz\u0105c z gliny&#8230; ptaszki!  Po godzinie modelowania (i paru niespodziewanych \u201ekatastrofach\u201d tw\u00f3rczych) powsta\u0142y prawdziwe arcydzie\u0142a. A kiedy gliniane dzie\u0142a wysch\u0142y, przyszed\u0142 czas na prawdziwe wyzwanie \u2013 kolorowanie!  \u0106wiczyli\u015bmy cierpliwo\u015b\u0107, dok\u0142adno\u015b\u0107 i&#8230; odporno\u015b\u0107 na klej\u0105ce si\u0119 farby do r\u0105k.  Ale efekt ko\u0144cowy? Istne stado pi\u0119knie kolorowych ptaszk\u00f3w, gotowych do lotu \ufe0f<\/p>\n<p style=\"text-align: justify;\"><a href=\"https:\/\/www.facebook.com\/sp1.imielin\/videos\/1055417332892638\">FILM\u00a0<\/a><\/p>\n<div class=\"pld-like-dislike-wrap pld-template-2\">\r\n    <div class=\"pld-like-wrap  pld-common-wrap\">\r\n    <a href=\"javascript:void(0)\" class=\"pld-like-trigger pld-like-dislike-trigger  \" title=\"\" data-post-id=\"19486\" data-trigger-type=\"like\" data-restriction=\"cookie\" data-already-liked=\"0\">\r\n                        <i class=\"fas fa-heart\"><\/i>\r\n                <\/a>\r\n    <span class=\"pld-like-count-wrap pld-count-wrap\">    <\/span>\r\n<\/div><\/div>","protected":false},"excerpt":{"rendered":"<p>Uczniowie klasy 2a wznie\u015bli swoje artystyczne umiej\u0119tno\u015bci na nowe wy\u017cyny, tworz\u0105c z gliny&#8230; ptaszki! Po godzinie modelowania (i paru niespodziewanych \u201ekatastrofach\u201d tw\u00f3rczych) powsta\u0142y prawdziwe arcydzie\u0142a. A kiedy gliniane dzie\u0142a wysch\u0142y, przyszed\u0142 czas na prawdziwe wyzwanie \u2013 kolorowanie! \u0106wiczyli\u015bmy cierpliwo\u015b\u0107, dok\u0142adno\u015b\u0107 i&#8230; odporno\u015b\u0107 na klej\u0105ce si\u0119 farby do r\u0105k. Ale efekt ko\u0144cowy? Istne stado pi\u0119knie kolorowych [&hellip;]<\/p>\n","protected":false},"author":2,"featured_media":19487,"comment_status":"closed","ping_status":"closed","sticky":false,"template":"","format":"standard","meta":{"_uag_custom_page_level_css":"","footnotes":""},"categories":[5],"tags":[],"class_list":["post-19486","post","type-post","status-publish","format-standard","has-post-thumbnail","hentry","category-z-zycia-szkoly"],"uagb_featured_image_src":{"full":["https:\/\/sp1.imielin.pl\/wp-content\/uploads\/2024\/10\/rree.png",545,370,false],"thumbnail":["https:\/\/sp1.imielin.pl\/wp-content\/uploads\/2024\/10\/rree-150x150.png",150,150,true],"medium":["https:\/\/sp1.imielin.pl\/wp-content\/uploads\/2024\/10\/rree-300x204.png",300,204,true],"medium_large":["https:\/\/sp1.imielin.pl\/wp-content\/uploads\/2024\/10\/rree.png",525,356,false],"large":["https:\/\/sp1.imielin.pl\/wp-content\/uploads\/2024\/10\/rree.png",525,356,false],"1536x1536":["https:\/\/sp1.imielin.pl\/wp-content\/uploads\/2024\/10\/rree.png",545,370,false],"2048x2048":["https:\/\/sp1.imielin.pl\/wp-content\/uploads\/2024\/10\/rree.png",545,370,false],"gurukul-education-featured-image":["https:\/\/sp1.imielin.pl\/wp-content\/uploads\/2024\/10\/rree.png",545,370,false],"gurukul-education-thumbnail-avatar":["https:\/\/sp1.imielin.pl\/wp-content\/uploads\/2024\/10\/rree-100x100.png",100,100,true]},"uagb_author_info":{"display_name":"Maria Habryka","author_link":"https:\/\/sp1.imielin.pl\/index.php\/author\/maria\/"},"uagb_comment_info":0,"uagb_excerpt":"Uczniowie klasy 2a wznie\u015bli swoje artystyczne umiej\u0119tno\u015bci na nowe wy\u017cyny, tworz\u0105c z gliny&#8230; ptaszki! Po godzinie modelowania (i paru niespodziewanych \u201ekatastrofach\u201d tw\u00f3rczych) powsta\u0142y prawdziwe arcydzie\u0142a. A kiedy gliniane dzie\u0142a wysch\u0142y, przyszed\u0142 czas na prawdziwe wyzwanie \u2013 kolorowanie! \u0106wiczyli\u015bmy cierpliwo\u015b\u0107, dok\u0142adno\u015b\u0107 i&#8230; odporno\u015b\u0107 na klej\u0105ce si\u0119 farby do r\u0105k. Ale efekt ko\u0144cowy? Istne stado pi\u0119knie kolorowych&hellip;","_links":{"self":[{"href":"https:\/\/sp1.imielin.pl\/index.php\/wp-json\/wp\/v2\/posts\/19486","targetHints":{"allow":["GET"]}}],"collection":[{"href":"https:\/\/sp1.imielin.pl\/index.php\/wp-json\/wp\/v2\/posts"}],"about":[{"href":"https:\/\/sp1.imielin.pl\/index.php\/wp-json\/wp\/v2\/types\/post"}],"author":[{"embeddable":true,"href":"https:\/\/sp1.imielin.pl\/index.php\/wp-json\/wp\/v2\/users\/2"}],"replies":[{"embeddable":true,"href":"https:\/\/sp1.imielin.pl\/index.php\/wp-json\/wp\/v2\/comments?post=19486"}],"version-history":[{"count":0,"href":"https:\/\/sp1.imielin.pl\/index.php\/wp-json\/wp\/v2\/posts\/19486\/revisions"}],"wp:featuredmedia":[{"embeddable":true,"href":"https:\/\/sp1.imielin.pl\/index.php\/wp-json\/wp\/v2\/media\/19487"}],"wp:attachment":[{"href":"https:\/\/sp1.imielin.pl\/index.php\/wp-json\/wp\/v2\/media?parent=19486"}],"wp:term":[{"taxonomy":"category","embeddable":true,"href":"https:\/\/sp1.imielin.pl\/index.php\/wp-json\/wp\/v2\/categories?post=19486"},{"taxonomy":"post_tag","embeddable":true,"href":"https:\/\/sp1.imielin.pl\/index.php\/wp-json\/wp\/v2\/tags?post=19486"}],"curies":[{"name":"wp","href":"https:\/\/api.w.org\/{rel}","templated":true}]}}