{"id":19511,"date":"2024-10-23T22:07:14","date_gmt":"2024-10-23T20:07:14","guid":{"rendered":"http:\/\/www.sp1.imielin.pl\/?p=19511"},"modified":"2024-10-23T22:07:14","modified_gmt":"2024-10-23T20:07:14","slug":"nasi-chlopcy-na-pierwszym-miejscu","status":"publish","type":"post","link":"https:\/\/sp1.imielin.pl\/index.php\/2024\/10\/23\/nasi-chlopcy-na-pierwszym-miejscu\/","title":{"rendered":"Nasi ch\u0142opcy na pierwszym miejscu"},"content":{"rendered":"<p style=\"text-align: justify;\">Wspania\u0142e wie\u015bci z hali w Bojszowach! Dzi\u015b zgodnie z harmonogramem \u015al\u0105skiego Szkolnego Zwi\u0105zku Sportowego odby\u0142y si\u0119 rozgrywki Igrzysk M\u0142odzie\u017cy Szkolnej w pi\u0142ce no\u017cnej halowej. W zawodach wzi\u0119\u0142y udzia\u0142 cztery szko\u0142y reprezentuj\u0105ce miejscowo\u015bci wchodz\u0105ce w sk\u0142ad powiatu bieru\u0144sko-l\u0119dzi\u0144skiego. Tak oto przed gwizdkiem s\u0119dziego, rozpoczynaj\u0105cym pierwsze starcie na turnieju mogli\u015bmy zobaczy\u0107 reprezentacj\u0119: Bierunia, L\u0119dzin, Imielina oraz Bojsz\u00f3w. Pi\u0142karze grali systemem \u201eka\u017cdy z ka\u017cdym\u201d, po 20 minut na mecz. SP 1 Imielin w ostatecznym rozrachunku zameldowa\u0142a si\u0119 na najwy\u017cszym stopniu podium , wygrywaj\u0105c trzy z trzech spotka\u0144 \u2013 z reprezentacj\u0105 Bierunia 2:0, Bojsz\u00f3w 5:0, L\u0119dzinami 5:2. Trzymajcie kciuki za pi\u0142karzy z SP 1, by godnie reprezentowali nasz powiat na kolejnym szczeblu sportowych zmaga\u0144.<\/p>\n<p style=\"text-align: justify;\"><a href=\"https:\/\/www.facebook.com\/photo?fbid=1102681221623627&amp;set=pcb.1102681398290276\">FOTORELACJA\u00a0<\/a><\/p>\n<div class=\"pld-like-dislike-wrap pld-template-2\">\r\n    <div class=\"pld-like-wrap  pld-common-wrap\">\r\n    <a href=\"javascript:void(0)\" class=\"pld-like-trigger pld-like-dislike-trigger  \" title=\"\" data-post-id=\"19511\" data-trigger-type=\"like\" data-restriction=\"cookie\" data-already-liked=\"0\">\r\n                        <i class=\"fas fa-heart\"><\/i>\r\n                <\/a>\r\n    <span class=\"pld-like-count-wrap pld-count-wrap\">    <\/span>\r\n<\/div><\/div>","protected":false},"excerpt":{"rendered":"<p>Wspania\u0142e wie\u015bci z hali w Bojszowach! Dzi\u015b zgodnie z harmonogramem \u015al\u0105skiego Szkolnego Zwi\u0105zku Sportowego odby\u0142y si\u0119 rozgrywki Igrzysk M\u0142odzie\u017cy Szkolnej w pi\u0142ce no\u017cnej halowej. W zawodach wzi\u0119\u0142y udzia\u0142 cztery szko\u0142y reprezentuj\u0105ce miejscowo\u015bci wchodz\u0105ce w sk\u0142ad powiatu bieru\u0144sko-l\u0119dzi\u0144skiego. Tak oto przed gwizdkiem s\u0119dziego, rozpoczynaj\u0105cym pierwsze starcie na turnieju mogli\u015bmy zobaczy\u0107 reprezentacj\u0119: Bierunia, L\u0119dzin, Imielina oraz Bojsz\u00f3w. [&hellip;]<\/p>\n","protected":false},"author":2,"featured_media":19512,"comment_status":"closed","ping_status":"closed","sticky":false,"template":"","format":"standard","meta":{"_uag_custom_page_level_css":"","footnotes":""},"categories":[5],"tags":[],"class_list":["post-19511","post","type-post","status-publish","format-standard","has-post-thumbnail","hentry","category-z-zycia-szkoly"],"uagb_featured_image_src":{"full":["https:\/\/sp1.imielin.pl\/wp-content\/uploads\/2024\/10\/464191195_1102681424956940_9197158281077757269_n.jpg",633,544,false],"thumbnail":["https:\/\/sp1.imielin.pl\/wp-content\/uploads\/2024\/10\/464191195_1102681424956940_9197158281077757269_n-150x150.jpg",150,150,true],"medium":["https:\/\/sp1.imielin.pl\/wp-content\/uploads\/2024\/10\/464191195_1102681424956940_9197158281077757269_n-300x258.jpg",300,258,true],"medium_large":["https:\/\/sp1.imielin.pl\/wp-content\/uploads\/2024\/10\/464191195_1102681424956940_9197158281077757269_n.jpg",525,451,false],"large":["https:\/\/sp1.imielin.pl\/wp-content\/uploads\/2024\/10\/464191195_1102681424956940_9197158281077757269_n.jpg",525,451,false],"1536x1536":["https:\/\/sp1.imielin.pl\/wp-content\/uploads\/2024\/10\/464191195_1102681424956940_9197158281077757269_n.jpg",633,544,false],"2048x2048":["https:\/\/sp1.imielin.pl\/wp-content\/uploads\/2024\/10\/464191195_1102681424956940_9197158281077757269_n.jpg",633,544,false],"gurukul-education-featured-image":["https:\/\/sp1.imielin.pl\/wp-content\/uploads\/2024\/10\/464191195_1102681424956940_9197158281077757269_n.jpg",633,544,false],"gurukul-education-thumbnail-avatar":["https:\/\/sp1.imielin.pl\/wp-content\/uploads\/2024\/10\/464191195_1102681424956940_9197158281077757269_n-100x100.jpg",100,100,true]},"uagb_author_info":{"display_name":"Maria Habryka","author_link":"https:\/\/sp1.imielin.pl\/index.php\/author\/maria\/"},"uagb_comment_info":0,"uagb_excerpt":"Wspania\u0142e wie\u015bci z hali w Bojszowach! Dzi\u015b zgodnie z harmonogramem \u015al\u0105skiego Szkolnego Zwi\u0105zku Sportowego odby\u0142y si\u0119 rozgrywki Igrzysk M\u0142odzie\u017cy Szkolnej w pi\u0142ce no\u017cnej halowej. W zawodach wzi\u0119\u0142y udzia\u0142 cztery szko\u0142y reprezentuj\u0105ce miejscowo\u015bci wchodz\u0105ce w sk\u0142ad powiatu bieru\u0144sko-l\u0119dzi\u0144skiego. Tak oto przed gwizdkiem s\u0119dziego, rozpoczynaj\u0105cym pierwsze starcie na turnieju mogli\u015bmy zobaczy\u0107 reprezentacj\u0119: Bierunia, L\u0119dzin, Imielina oraz Bojsz\u00f3w.&hellip;","_links":{"self":[{"href":"https:\/\/sp1.imielin.pl\/index.php\/wp-json\/wp\/v2\/posts\/19511","targetHints":{"allow":["GET"]}}],"collection":[{"href":"https:\/\/sp1.imielin.pl\/index.php\/wp-json\/wp\/v2\/posts"}],"about":[{"href":"https:\/\/sp1.imielin.pl\/index.php\/wp-json\/wp\/v2\/types\/post"}],"author":[{"embeddable":true,"href":"https:\/\/sp1.imielin.pl\/index.php\/wp-json\/wp\/v2\/users\/2"}],"replies":[{"embeddable":true,"href":"https:\/\/sp1.imielin.pl\/index.php\/wp-json\/wp\/v2\/comments?post=19511"}],"version-history":[{"count":0,"href":"https:\/\/sp1.imielin.pl\/index.php\/wp-json\/wp\/v2\/posts\/19511\/revisions"}],"wp:featuredmedia":[{"embeddable":true,"href":"https:\/\/sp1.imielin.pl\/index.php\/wp-json\/wp\/v2\/media\/19512"}],"wp:attachment":[{"href":"https:\/\/sp1.imielin.pl\/index.php\/wp-json\/wp\/v2\/media?parent=19511"}],"wp:term":[{"taxonomy":"category","embeddable":true,"href":"https:\/\/sp1.imielin.pl\/index.php\/wp-json\/wp\/v2\/categories?post=19511"},{"taxonomy":"post_tag","embeddable":true,"href":"https:\/\/sp1.imielin.pl\/index.php\/wp-json\/wp\/v2\/tags?post=19511"}],"curies":[{"name":"wp","href":"https:\/\/api.w.org\/{rel}","templated":true}]}}