{"id":19537,"date":"2024-10-27T17:14:00","date_gmt":"2024-10-27T16:14:00","guid":{"rendered":"http:\/\/www.sp1.imielin.pl\/?p=19537"},"modified":"2024-10-27T17:14:00","modified_gmt":"2024-10-27T16:14:00","slug":"mile-wiesci-ze-swiata-muzyki","status":"publish","type":"post","link":"https:\/\/sp1.imielin.pl\/index.php\/2024\/10\/27\/mile-wiesci-ze-swiata-muzyki\/","title":{"rendered":"Mi\u0142e wie\u015bci ze \u015bwiata muzyki"},"content":{"rendered":"<p style=\"text-align: justify;\">Utalentowana \u0141ucja Mieszczanin pi\u0119knie reprezentowa\u0142a nasz\u0105 szko\u0142\u0119 i miasto, wyst\u0119puj\u0105c wraz z pani\u0105 Zofi\u0105 Kostorz i ch\u00f3rem Fatima najpierw podczas koncertu w Mys\u0142owicach, a nast\u0119pnie w Wiedniu w ko\u015bciele cesarskim, gdzie znajduj\u0105 si\u0119 relikwie ostatniego cesarza Austro-W\u0119gier, b\u0142ogos\u0142awionego Karola Habsburga. Serdecznie gratulujemy cudownego wyst\u0119pu. <\/p>\n<p style=\"text-align: justify;\"><a href=\"https:\/\/www.facebook.com\/photo\/?fbid=1105739241317825&amp;set=pcb.1105739411317808\">FOTORELACJA\u00a0<\/a><\/p>\n<div class=\"pld-like-dislike-wrap pld-template-2\">\r\n    <div class=\"pld-like-wrap  pld-common-wrap\">\r\n    <a href=\"javascript:void(0)\" class=\"pld-like-trigger pld-like-dislike-trigger  \" title=\"\" data-post-id=\"19537\" data-trigger-type=\"like\" data-restriction=\"cookie\" data-already-liked=\"0\">\r\n                        <i class=\"fas fa-heart\"><\/i>\r\n                <\/a>\r\n    <span class=\"pld-like-count-wrap pld-count-wrap\">    <\/span>\r\n<\/div><\/div>","protected":false},"excerpt":{"rendered":"<p>Utalentowana \u0141ucja Mieszczanin pi\u0119knie reprezentowa\u0142a nasz\u0105 szko\u0142\u0119 i miasto, wyst\u0119puj\u0105c wraz z pani\u0105 Zofi\u0105 Kostorz i ch\u00f3rem Fatima najpierw podczas koncertu w Mys\u0142owicach, a nast\u0119pnie w Wiedniu w ko\u015bciele cesarskim, gdzie znajduj\u0105 si\u0119 relikwie ostatniego cesarza Austro-W\u0119gier, b\u0142ogos\u0142awionego Karola Habsburga. Serdecznie gratulujemy cudownego wyst\u0119pu. FOTORELACJA\u00a0<\/p>\n","protected":false},"author":2,"featured_media":19538,"comment_status":"closed","ping_status":"closed","sticky":false,"template":"","format":"standard","meta":{"_uag_custom_page_level_css":"","footnotes":""},"categories":[5],"tags":[],"class_list":["post-19537","post","type-post","status-publish","format-standard","has-post-thumbnail","hentry","category-z-zycia-szkoly"],"uagb_featured_image_src":{"full":["https:\/\/sp1.imielin.pl\/wp-content\/uploads\/2024\/10\/464688232_1105739494651133_4427225936102248098_n.jpg",512,385,false],"thumbnail":["https:\/\/sp1.imielin.pl\/wp-content\/uploads\/2024\/10\/464688232_1105739494651133_4427225936102248098_n-150x150.jpg",150,150,true],"medium":["https:\/\/sp1.imielin.pl\/wp-content\/uploads\/2024\/10\/464688232_1105739494651133_4427225936102248098_n-300x226.jpg",300,226,true],"medium_large":["https:\/\/sp1.imielin.pl\/wp-content\/uploads\/2024\/10\/464688232_1105739494651133_4427225936102248098_n.jpg",512,385,false],"large":["https:\/\/sp1.imielin.pl\/wp-content\/uploads\/2024\/10\/464688232_1105739494651133_4427225936102248098_n.jpg",512,385,false],"1536x1536":["https:\/\/sp1.imielin.pl\/wp-content\/uploads\/2024\/10\/464688232_1105739494651133_4427225936102248098_n.jpg",512,385,false],"2048x2048":["https:\/\/sp1.imielin.pl\/wp-content\/uploads\/2024\/10\/464688232_1105739494651133_4427225936102248098_n.jpg",512,385,false],"gurukul-education-featured-image":["https:\/\/sp1.imielin.pl\/wp-content\/uploads\/2024\/10\/464688232_1105739494651133_4427225936102248098_n.jpg",512,385,false],"gurukul-education-thumbnail-avatar":["https:\/\/sp1.imielin.pl\/wp-content\/uploads\/2024\/10\/464688232_1105739494651133_4427225936102248098_n-100x100.jpg",100,100,true]},"uagb_author_info":{"display_name":"Maria Habryka","author_link":"https:\/\/sp1.imielin.pl\/index.php\/author\/maria\/"},"uagb_comment_info":0,"uagb_excerpt":"Utalentowana \u0141ucja Mieszczanin pi\u0119knie reprezentowa\u0142a nasz\u0105 szko\u0142\u0119 i miasto, wyst\u0119puj\u0105c wraz z pani\u0105 Zofi\u0105 Kostorz i ch\u00f3rem Fatima najpierw podczas koncertu w Mys\u0142owicach, a nast\u0119pnie w Wiedniu w ko\u015bciele cesarskim, gdzie znajduj\u0105 si\u0119 relikwie ostatniego cesarza Austro-W\u0119gier, b\u0142ogos\u0142awionego Karola Habsburga. Serdecznie gratulujemy cudownego wyst\u0119pu. FOTORELACJA\u00a0","_links":{"self":[{"href":"https:\/\/sp1.imielin.pl\/index.php\/wp-json\/wp\/v2\/posts\/19537","targetHints":{"allow":["GET"]}}],"collection":[{"href":"https:\/\/sp1.imielin.pl\/index.php\/wp-json\/wp\/v2\/posts"}],"about":[{"href":"https:\/\/sp1.imielin.pl\/index.php\/wp-json\/wp\/v2\/types\/post"}],"author":[{"embeddable":true,"href":"https:\/\/sp1.imielin.pl\/index.php\/wp-json\/wp\/v2\/users\/2"}],"replies":[{"embeddable":true,"href":"https:\/\/sp1.imielin.pl\/index.php\/wp-json\/wp\/v2\/comments?post=19537"}],"version-history":[{"count":0,"href":"https:\/\/sp1.imielin.pl\/index.php\/wp-json\/wp\/v2\/posts\/19537\/revisions"}],"wp:featuredmedia":[{"embeddable":true,"href":"https:\/\/sp1.imielin.pl\/index.php\/wp-json\/wp\/v2\/media\/19538"}],"wp:attachment":[{"href":"https:\/\/sp1.imielin.pl\/index.php\/wp-json\/wp\/v2\/media?parent=19537"}],"wp:term":[{"taxonomy":"category","embeddable":true,"href":"https:\/\/sp1.imielin.pl\/index.php\/wp-json\/wp\/v2\/categories?post=19537"},{"taxonomy":"post_tag","embeddable":true,"href":"https:\/\/sp1.imielin.pl\/index.php\/wp-json\/wp\/v2\/tags?post=19537"}],"curies":[{"name":"wp","href":"https:\/\/api.w.org\/{rel}","templated":true}]}}