{"id":19549,"date":"2024-10-29T15:03:18","date_gmt":"2024-10-29T14:03:18","guid":{"rendered":"http:\/\/www.sp1.imielin.pl\/?p=19549"},"modified":"2024-10-29T15:03:18","modified_gmt":"2024-10-29T14:03:18","slug":"lekcja-profilaktyczna-przeciwko-przemocy","status":"publish","type":"post","link":"https:\/\/sp1.imielin.pl\/index.php\/2024\/10\/29\/lekcja-profilaktyczna-przeciwko-przemocy\/","title":{"rendered":"Lekcja profilaktyczna przeciwko przemocy"},"content":{"rendered":"<p style=\"text-align: justify;\">Na lekcji profilaktycznej uczniowie \u00f3smych klas stan\u0119li po stronie mocy przeciwko przemocy . Dzi\u015b funkcjonariusz ds. profilaktyki spo\u0142ecznej z Komendy Policji w Bieruniu przeprowadzi\u0142 prelekcj\u0119, podczas kt\u00f3rej poruszone zosta\u0142y wa\u017cne tematy zwi\u0105zane z demoralizacj\u0105, odpowiedzialno\u015bci\u0105 prawn\u0105 os\u00f3b nieletnich oraz problematyk\u0105 przemocy, w tym tak\u017ce cyberprzemocy.<\/p>\n<p style=\"text-align: justify;\">\n<div class=\"pld-like-dislike-wrap pld-template-2\">\r\n    <div class=\"pld-like-wrap  pld-common-wrap\">\r\n    <a href=\"javascript:void(0)\" class=\"pld-like-trigger pld-like-dislike-trigger  \" title=\"\" data-post-id=\"19549\" data-trigger-type=\"like\" data-restriction=\"cookie\" data-already-liked=\"0\">\r\n                        <i class=\"fas fa-heart\"><\/i>\r\n                <\/a>\r\n    <span class=\"pld-like-count-wrap pld-count-wrap\">    <\/span>\r\n<\/div><\/div>","protected":false},"excerpt":{"rendered":"<p>Na lekcji profilaktycznej uczniowie \u00f3smych klas stan\u0119li po stronie mocy przeciwko przemocy . Dzi\u015b funkcjonariusz ds. profilaktyki spo\u0142ecznej z Komendy Policji w Bieruniu przeprowadzi\u0142 prelekcj\u0119, podczas kt\u00f3rej poruszone zosta\u0142y wa\u017cne tematy zwi\u0105zane z demoralizacj\u0105, odpowiedzialno\u015bci\u0105 prawn\u0105 os\u00f3b nieletnich oraz problematyk\u0105 przemocy, w tym tak\u017ce cyberprzemocy.<\/p>\n","protected":false},"author":2,"featured_media":19550,"comment_status":"closed","ping_status":"closed","sticky":false,"template":"","format":"standard","meta":{"_uag_custom_page_level_css":"","footnotes":""},"categories":[5],"tags":[],"class_list":["post-19549","post","type-post","status-publish","format-standard","has-post-thumbnail","hentry","category-z-zycia-szkoly"],"uagb_featured_image_src":{"full":["https:\/\/sp1.imielin.pl\/wp-content\/uploads\/2024\/10\/464688016_1107214851170264_4983094969322770560_n.jpg",512,237,false],"thumbnail":["https:\/\/sp1.imielin.pl\/wp-content\/uploads\/2024\/10\/464688016_1107214851170264_4983094969322770560_n-150x150.jpg",150,150,true],"medium":["https:\/\/sp1.imielin.pl\/wp-content\/uploads\/2024\/10\/464688016_1107214851170264_4983094969322770560_n-300x139.jpg",300,139,true],"medium_large":["https:\/\/sp1.imielin.pl\/wp-content\/uploads\/2024\/10\/464688016_1107214851170264_4983094969322770560_n.jpg",512,237,false],"large":["https:\/\/sp1.imielin.pl\/wp-content\/uploads\/2024\/10\/464688016_1107214851170264_4983094969322770560_n.jpg",512,237,false],"1536x1536":["https:\/\/sp1.imielin.pl\/wp-content\/uploads\/2024\/10\/464688016_1107214851170264_4983094969322770560_n.jpg",512,237,false],"2048x2048":["https:\/\/sp1.imielin.pl\/wp-content\/uploads\/2024\/10\/464688016_1107214851170264_4983094969322770560_n.jpg",512,237,false],"gurukul-education-featured-image":["https:\/\/sp1.imielin.pl\/wp-content\/uploads\/2024\/10\/464688016_1107214851170264_4983094969322770560_n.jpg",512,237,false],"gurukul-education-thumbnail-avatar":["https:\/\/sp1.imielin.pl\/wp-content\/uploads\/2024\/10\/464688016_1107214851170264_4983094969322770560_n-100x100.jpg",100,100,true]},"uagb_author_info":{"display_name":"Maria Habryka","author_link":"https:\/\/sp1.imielin.pl\/index.php\/author\/maria\/"},"uagb_comment_info":0,"uagb_excerpt":"Na lekcji profilaktycznej uczniowie \u00f3smych klas stan\u0119li po stronie mocy przeciwko przemocy . Dzi\u015b funkcjonariusz ds. profilaktyki spo\u0142ecznej z Komendy Policji w Bieruniu przeprowadzi\u0142 prelekcj\u0119, podczas kt\u00f3rej poruszone zosta\u0142y wa\u017cne tematy zwi\u0105zane z demoralizacj\u0105, odpowiedzialno\u015bci\u0105 prawn\u0105 os\u00f3b nieletnich oraz problematyk\u0105 przemocy, w tym tak\u017ce cyberprzemocy.","_links":{"self":[{"href":"https:\/\/sp1.imielin.pl\/index.php\/wp-json\/wp\/v2\/posts\/19549","targetHints":{"allow":["GET"]}}],"collection":[{"href":"https:\/\/sp1.imielin.pl\/index.php\/wp-json\/wp\/v2\/posts"}],"about":[{"href":"https:\/\/sp1.imielin.pl\/index.php\/wp-json\/wp\/v2\/types\/post"}],"author":[{"embeddable":true,"href":"https:\/\/sp1.imielin.pl\/index.php\/wp-json\/wp\/v2\/users\/2"}],"replies":[{"embeddable":true,"href":"https:\/\/sp1.imielin.pl\/index.php\/wp-json\/wp\/v2\/comments?post=19549"}],"version-history":[{"count":0,"href":"https:\/\/sp1.imielin.pl\/index.php\/wp-json\/wp\/v2\/posts\/19549\/revisions"}],"wp:featuredmedia":[{"embeddable":true,"href":"https:\/\/sp1.imielin.pl\/index.php\/wp-json\/wp\/v2\/media\/19550"}],"wp:attachment":[{"href":"https:\/\/sp1.imielin.pl\/index.php\/wp-json\/wp\/v2\/media?parent=19549"}],"wp:term":[{"taxonomy":"category","embeddable":true,"href":"https:\/\/sp1.imielin.pl\/index.php\/wp-json\/wp\/v2\/categories?post=19549"},{"taxonomy":"post_tag","embeddable":true,"href":"https:\/\/sp1.imielin.pl\/index.php\/wp-json\/wp\/v2\/tags?post=19549"}],"curies":[{"name":"wp","href":"https:\/\/api.w.org\/{rel}","templated":true}]}}