{"id":19640,"date":"2024-11-16T12:23:31","date_gmt":"2024-11-16T11:23:31","guid":{"rendered":"http:\/\/www.sp1.imielin.pl\/?p=19640"},"modified":"2024-11-16T12:23:31","modified_gmt":"2024-11-16T11:23:31","slug":"szach-mat-naszej-druzyny","status":"publish","type":"post","link":"https:\/\/sp1.imielin.pl\/index.php\/2024\/11\/16\/szach-mat-naszej-druzyny\/","title":{"rendered":"Szach &#8211; mat naszej dru\u017cyny"},"content":{"rendered":"<p style=\"text-align: justify;\">15 listopada w Szkole Podstawowej nr 2 w Imielinie odby\u0142y si\u0119 rejonowe zawody Igrzysk Dzieci Wojew\u00f3dztwa \u015al\u0105skiego w Szachach. Nasza dru\u017cyna w sk\u0142adzie: Igor Buczek, Jakub Pastuszka, Maciej Nowak i Agata Hermyt wywalczy\u0142a I miejsce. Serdecznie gratulujemy i trzymamy kciuki na fina\u0142ach wojew\u00f3dzkich w Cz\u0119stochowie.<\/p>\n<p style=\"text-align: justify;\"><a href=\"https:\/\/www.facebook.com\/photo\/?fbid=1120688219822927&amp;set=pcb.1120688626489553\">FOTORELACJA\u00a0<\/a><\/p>\n<div class=\"pld-like-dislike-wrap pld-template-2\">\r\n    <div class=\"pld-like-wrap  pld-common-wrap\">\r\n    <a href=\"javascript:void(0)\" class=\"pld-like-trigger pld-like-dislike-trigger  \" title=\"\" data-post-id=\"19640\" data-trigger-type=\"like\" data-restriction=\"cookie\" data-already-liked=\"0\">\r\n                        <i class=\"fas fa-heart\"><\/i>\r\n                <\/a>\r\n    <span class=\"pld-like-count-wrap pld-count-wrap\">    <\/span>\r\n<\/div><\/div>","protected":false},"excerpt":{"rendered":"<p>15 listopada w Szkole Podstawowej nr 2 w Imielinie odby\u0142y si\u0119 rejonowe zawody Igrzysk Dzieci Wojew\u00f3dztwa \u015al\u0105skiego w Szachach. Nasza dru\u017cyna w sk\u0142adzie: Igor Buczek, Jakub Pastuszka, Maciej Nowak i Agata Hermyt wywalczy\u0142a I miejsce. Serdecznie gratulujemy i trzymamy kciuki na fina\u0142ach wojew\u00f3dzkich w Cz\u0119stochowie. FOTORELACJA\u00a0<\/p>\n","protected":false},"author":2,"featured_media":19641,"comment_status":"closed","ping_status":"closed","sticky":false,"template":"","format":"standard","meta":{"_uag_custom_page_level_css":"","footnotes":""},"categories":[5],"tags":[],"class_list":["post-19640","post","type-post","status-publish","format-standard","has-post-thumbnail","hentry","category-z-zycia-szkoly"],"uagb_featured_image_src":{"full":["https:\/\/sp1.imielin.pl\/wp-content\/uploads\/2024\/11\/466917326_1120688983156184_4418145495590443004_n.jpg",646,484,false],"thumbnail":["https:\/\/sp1.imielin.pl\/wp-content\/uploads\/2024\/11\/466917326_1120688983156184_4418145495590443004_n-150x150.jpg",150,150,true],"medium":["https:\/\/sp1.imielin.pl\/wp-content\/uploads\/2024\/11\/466917326_1120688983156184_4418145495590443004_n-300x225.jpg",300,225,true],"medium_large":["https:\/\/sp1.imielin.pl\/wp-content\/uploads\/2024\/11\/466917326_1120688983156184_4418145495590443004_n.jpg",525,393,false],"large":["https:\/\/sp1.imielin.pl\/wp-content\/uploads\/2024\/11\/466917326_1120688983156184_4418145495590443004_n.jpg",525,393,false],"1536x1536":["https:\/\/sp1.imielin.pl\/wp-content\/uploads\/2024\/11\/466917326_1120688983156184_4418145495590443004_n.jpg",646,484,false],"2048x2048":["https:\/\/sp1.imielin.pl\/wp-content\/uploads\/2024\/11\/466917326_1120688983156184_4418145495590443004_n.jpg",646,484,false],"gurukul-education-featured-image":["https:\/\/sp1.imielin.pl\/wp-content\/uploads\/2024\/11\/466917326_1120688983156184_4418145495590443004_n.jpg",646,484,false],"gurukul-education-thumbnail-avatar":["https:\/\/sp1.imielin.pl\/wp-content\/uploads\/2024\/11\/466917326_1120688983156184_4418145495590443004_n-100x100.jpg",100,100,true]},"uagb_author_info":{"display_name":"Maria Habryka","author_link":"https:\/\/sp1.imielin.pl\/index.php\/author\/maria\/"},"uagb_comment_info":0,"uagb_excerpt":"15 listopada w Szkole Podstawowej nr 2 w Imielinie odby\u0142y si\u0119 rejonowe zawody Igrzysk Dzieci Wojew\u00f3dztwa \u015al\u0105skiego w Szachach. Nasza dru\u017cyna w sk\u0142adzie: Igor Buczek, Jakub Pastuszka, Maciej Nowak i Agata Hermyt wywalczy\u0142a I miejsce. Serdecznie gratulujemy i trzymamy kciuki na fina\u0142ach wojew\u00f3dzkich w Cz\u0119stochowie. FOTORELACJA\u00a0","_links":{"self":[{"href":"https:\/\/sp1.imielin.pl\/index.php\/wp-json\/wp\/v2\/posts\/19640","targetHints":{"allow":["GET"]}}],"collection":[{"href":"https:\/\/sp1.imielin.pl\/index.php\/wp-json\/wp\/v2\/posts"}],"about":[{"href":"https:\/\/sp1.imielin.pl\/index.php\/wp-json\/wp\/v2\/types\/post"}],"author":[{"embeddable":true,"href":"https:\/\/sp1.imielin.pl\/index.php\/wp-json\/wp\/v2\/users\/2"}],"replies":[{"embeddable":true,"href":"https:\/\/sp1.imielin.pl\/index.php\/wp-json\/wp\/v2\/comments?post=19640"}],"version-history":[{"count":0,"href":"https:\/\/sp1.imielin.pl\/index.php\/wp-json\/wp\/v2\/posts\/19640\/revisions"}],"wp:featuredmedia":[{"embeddable":true,"href":"https:\/\/sp1.imielin.pl\/index.php\/wp-json\/wp\/v2\/media\/19641"}],"wp:attachment":[{"href":"https:\/\/sp1.imielin.pl\/index.php\/wp-json\/wp\/v2\/media?parent=19640"}],"wp:term":[{"taxonomy":"category","embeddable":true,"href":"https:\/\/sp1.imielin.pl\/index.php\/wp-json\/wp\/v2\/categories?post=19640"},{"taxonomy":"post_tag","embeddable":true,"href":"https:\/\/sp1.imielin.pl\/index.php\/wp-json\/wp\/v2\/tags?post=19640"}],"curies":[{"name":"wp","href":"https:\/\/api.w.org\/{rel}","templated":true}]}}