{"id":19664,"date":"2024-11-19T21:37:09","date_gmt":"2024-11-19T20:37:09","guid":{"rendered":"http:\/\/www.sp1.imielin.pl\/?p=19664"},"modified":"2024-11-19T21:37:09","modified_gmt":"2024-11-19T20:37:09","slug":"podsumowanie-pracy-z-lektura-hobbit","status":"publish","type":"post","link":"https:\/\/sp1.imielin.pl\/index.php\/2024\/11\/19\/podsumowanie-pracy-z-lektura-hobbit\/","title":{"rendered":"Podsumowanie pracy z lektur\u0105 &#8222;Hobbit&#8221;"},"content":{"rendered":"<p style=\"text-align: justify;\">Podsumowanie pracy z lektur\u0105 &#8222;Hobbit&#8221; kolejny raz pokaza\u0142o zaanga\u017cowanie i kreatywno\u015b\u0107 uczni\u00f3w klasy 6b. Sz\u00f3stoklasi\u015bci wykorzystali i utrwalili sw\u0105 wiedz\u0119 dotycz\u0105c\u0105 miejsc przedstawionych w ksi\u0105\u017cce i wiernie odtworzyli na makietach jaskini\u0119 Golluma, Pag\u00f3rek czy Mroczn\u0105 Puszcz\u0119.<\/p>\n<p style=\"text-align: justify;\"><a href=\"https:\/\/www.facebook.com\/photo?fbid=1123260462899036&amp;set=pcb.1123261739565575\">FOTORELACJA <\/a><\/p>\n<div class=\"pld-like-dislike-wrap pld-template-2\">\r\n    <div class=\"pld-like-wrap  pld-common-wrap\">\r\n    <a href=\"javascript:void(0)\" class=\"pld-like-trigger pld-like-dislike-trigger  \" title=\"\" data-post-id=\"19664\" data-trigger-type=\"like\" data-restriction=\"cookie\" data-already-liked=\"0\">\r\n                        <i class=\"fas fa-heart\"><\/i>\r\n                <\/a>\r\n    <span class=\"pld-like-count-wrap pld-count-wrap\">    <\/span>\r\n<\/div><\/div>","protected":false},"excerpt":{"rendered":"<p>Podsumowanie pracy z lektur\u0105 &#8222;Hobbit&#8221; kolejny raz pokaza\u0142o zaanga\u017cowanie i kreatywno\u015b\u0107 uczni\u00f3w klasy 6b. Sz\u00f3stoklasi\u015bci wykorzystali i utrwalili sw\u0105 wiedz\u0119 dotycz\u0105c\u0105 miejsc przedstawionych w ksi\u0105\u017cce i wiernie odtworzyli na makietach jaskini\u0119 Golluma, Pag\u00f3rek czy Mroczn\u0105 Puszcz\u0119. FOTORELACJA<\/p>\n","protected":false},"author":2,"featured_media":19665,"comment_status":"closed","ping_status":"closed","sticky":false,"template":"","format":"standard","meta":{"_uag_custom_page_level_css":"","footnotes":""},"categories":[5],"tags":[],"class_list":["post-19664","post","type-post","status-publish","format-standard","has-post-thumbnail","hentry","category-z-zycia-szkoly"],"uagb_featured_image_src":{"full":["https:\/\/sp1.imielin.pl\/wp-content\/uploads\/2024\/11\/467712762_1123262482898834_837075023841200112_n.jpg",512,289,false],"thumbnail":["https:\/\/sp1.imielin.pl\/wp-content\/uploads\/2024\/11\/467712762_1123262482898834_837075023841200112_n-150x150.jpg",150,150,true],"medium":["https:\/\/sp1.imielin.pl\/wp-content\/uploads\/2024\/11\/467712762_1123262482898834_837075023841200112_n-300x169.jpg",300,169,true],"medium_large":["https:\/\/sp1.imielin.pl\/wp-content\/uploads\/2024\/11\/467712762_1123262482898834_837075023841200112_n.jpg",512,289,false],"large":["https:\/\/sp1.imielin.pl\/wp-content\/uploads\/2024\/11\/467712762_1123262482898834_837075023841200112_n.jpg",512,289,false],"1536x1536":["https:\/\/sp1.imielin.pl\/wp-content\/uploads\/2024\/11\/467712762_1123262482898834_837075023841200112_n.jpg",512,289,false],"2048x2048":["https:\/\/sp1.imielin.pl\/wp-content\/uploads\/2024\/11\/467712762_1123262482898834_837075023841200112_n.jpg",512,289,false],"gurukul-education-featured-image":["https:\/\/sp1.imielin.pl\/wp-content\/uploads\/2024\/11\/467712762_1123262482898834_837075023841200112_n.jpg",512,289,false],"gurukul-education-thumbnail-avatar":["https:\/\/sp1.imielin.pl\/wp-content\/uploads\/2024\/11\/467712762_1123262482898834_837075023841200112_n-100x100.jpg",100,100,true]},"uagb_author_info":{"display_name":"Maria Habryka","author_link":"https:\/\/sp1.imielin.pl\/index.php\/author\/maria\/"},"uagb_comment_info":0,"uagb_excerpt":"Podsumowanie pracy z lektur\u0105 &#8222;Hobbit&#8221; kolejny raz pokaza\u0142o zaanga\u017cowanie i kreatywno\u015b\u0107 uczni\u00f3w klasy 6b. Sz\u00f3stoklasi\u015bci wykorzystali i utrwalili sw\u0105 wiedz\u0119 dotycz\u0105c\u0105 miejsc przedstawionych w ksi\u0105\u017cce i wiernie odtworzyli na makietach jaskini\u0119 Golluma, Pag\u00f3rek czy Mroczn\u0105 Puszcz\u0119. FOTORELACJA","_links":{"self":[{"href":"https:\/\/sp1.imielin.pl\/index.php\/wp-json\/wp\/v2\/posts\/19664","targetHints":{"allow":["GET"]}}],"collection":[{"href":"https:\/\/sp1.imielin.pl\/index.php\/wp-json\/wp\/v2\/posts"}],"about":[{"href":"https:\/\/sp1.imielin.pl\/index.php\/wp-json\/wp\/v2\/types\/post"}],"author":[{"embeddable":true,"href":"https:\/\/sp1.imielin.pl\/index.php\/wp-json\/wp\/v2\/users\/2"}],"replies":[{"embeddable":true,"href":"https:\/\/sp1.imielin.pl\/index.php\/wp-json\/wp\/v2\/comments?post=19664"}],"version-history":[{"count":0,"href":"https:\/\/sp1.imielin.pl\/index.php\/wp-json\/wp\/v2\/posts\/19664\/revisions"}],"wp:featuredmedia":[{"embeddable":true,"href":"https:\/\/sp1.imielin.pl\/index.php\/wp-json\/wp\/v2\/media\/19665"}],"wp:attachment":[{"href":"https:\/\/sp1.imielin.pl\/index.php\/wp-json\/wp\/v2\/media?parent=19664"}],"wp:term":[{"taxonomy":"category","embeddable":true,"href":"https:\/\/sp1.imielin.pl\/index.php\/wp-json\/wp\/v2\/categories?post=19664"},{"taxonomy":"post_tag","embeddable":true,"href":"https:\/\/sp1.imielin.pl\/index.php\/wp-json\/wp\/v2\/tags?post=19664"}],"curies":[{"name":"wp","href":"https:\/\/api.w.org\/{rel}","templated":true}]}}