{"id":19667,"date":"2024-11-20T16:02:51","date_gmt":"2024-11-20T15:02:51","guid":{"rendered":"http:\/\/www.sp1.imielin.pl\/?p=19667"},"modified":"2024-11-20T16:02:51","modified_gmt":"2024-11-20T15:02:51","slug":"wycieczka-klasy-5a-do-kina-w-myslowicach","status":"publish","type":"post","link":"https:\/\/sp1.imielin.pl\/index.php\/2024\/11\/20\/wycieczka-klasy-5a-do-kina-w-myslowicach\/","title":{"rendered":"Wycieczka klasy 5a do kina w Mys\u0142owicach!"},"content":{"rendered":"<p style=\"text-align: justify;\">Dzi\u015b klasa 5a prze\u017cy\u0142a niezwyk\u0142\u0105 przygod\u0119!  W ramach lekcji o roli muzyki w filmie wybrali\u015bmy si\u0119 do kina w Mys\u0142owicach, gdzie obejrzeli\u015bmy inspiruj\u0105cy film pt. \u201eM\u0142odzi detektywi i zagadka nosoro\u017cca\u201d.  Dzi\u0119ki temu nie tylko poznali\u015bmy tajniki filmowego \u015bwiata, ale te\u017c dowiedzieli\u015bmy si\u0119, jak muzyka buduje napi\u0119cie, podkre\u015bla emocje i dodaje magii ka\u017cdej scenie.<br \/>\n\u2728 Po seansie czeka\u0142a na nas chwila relaksu i wsp\u00f3lnej zabawy w McDonald\u2019s.  To by\u0142 idealny moment na rozmowy o filmie i podzielenie si\u0119 wra\u017ceniami.<br \/>\nTo by\u0142 dzie\u0144 pe\u0142en nauki, emocji i \u015bwietnej zabawy! \u2764\ufe0f<\/p>\n<p><a href=\"https:\/\/www.facebook.com\/photo\/?fbid=1123789682846114&amp;set=pcb.1123789879512761\">FOTORELACJA\u00a0<\/a><\/p>\n<div class=\"pld-like-dislike-wrap pld-template-2\">\r\n    <div class=\"pld-like-wrap  pld-common-wrap\">\r\n    <a href=\"javascript:void(0)\" class=\"pld-like-trigger pld-like-dislike-trigger  \" title=\"\" data-post-id=\"19667\" data-trigger-type=\"like\" data-restriction=\"cookie\" data-already-liked=\"0\">\r\n                        <i class=\"fas fa-heart\"><\/i>\r\n                <\/a>\r\n    <span class=\"pld-like-count-wrap pld-count-wrap\">    <\/span>\r\n<\/div><\/div>","protected":false},"excerpt":{"rendered":"<p>Dzi\u015b klasa 5a prze\u017cy\u0142a niezwyk\u0142\u0105 przygod\u0119! W ramach lekcji o roli muzyki w filmie wybrali\u015bmy si\u0119 do kina w Mys\u0142owicach, gdzie obejrzeli\u015bmy inspiruj\u0105cy film pt. \u201eM\u0142odzi detektywi i zagadka nosoro\u017cca\u201d. Dzi\u0119ki temu nie tylko poznali\u015bmy tajniki filmowego \u015bwiata, ale te\u017c dowiedzieli\u015bmy si\u0119, jak muzyka buduje napi\u0119cie, podkre\u015bla emocje i dodaje magii ka\u017cdej scenie. \u2728 Po [&hellip;]<\/p>\n","protected":false},"author":2,"featured_media":19668,"comment_status":"closed","ping_status":"closed","sticky":false,"template":"","format":"standard","meta":{"_uag_custom_page_level_css":"","footnotes":""},"categories":[5],"tags":[],"class_list":["post-19667","post","type-post","status-publish","format-standard","has-post-thumbnail","hentry","category-z-zycia-szkoly"],"uagb_featured_image_src":{"full":["https:\/\/sp1.imielin.pl\/wp-content\/uploads\/2024\/11\/grtt.png",736,459,false],"thumbnail":["https:\/\/sp1.imielin.pl\/wp-content\/uploads\/2024\/11\/grtt-150x150.png",150,150,true],"medium":["https:\/\/sp1.imielin.pl\/wp-content\/uploads\/2024\/11\/grtt-300x187.png",300,187,true],"medium_large":["https:\/\/sp1.imielin.pl\/wp-content\/uploads\/2024\/11\/grtt.png",525,327,false],"large":["https:\/\/sp1.imielin.pl\/wp-content\/uploads\/2024\/11\/grtt.png",525,327,false],"1536x1536":["https:\/\/sp1.imielin.pl\/wp-content\/uploads\/2024\/11\/grtt.png",736,459,false],"2048x2048":["https:\/\/sp1.imielin.pl\/wp-content\/uploads\/2024\/11\/grtt.png",736,459,false],"gurukul-education-featured-image":["https:\/\/sp1.imielin.pl\/wp-content\/uploads\/2024\/11\/grtt.png",736,459,false],"gurukul-education-thumbnail-avatar":["https:\/\/sp1.imielin.pl\/wp-content\/uploads\/2024\/11\/grtt-100x100.png",100,100,true]},"uagb_author_info":{"display_name":"Maria Habryka","author_link":"https:\/\/sp1.imielin.pl\/index.php\/author\/maria\/"},"uagb_comment_info":0,"uagb_excerpt":"Dzi\u015b klasa 5a prze\u017cy\u0142a niezwyk\u0142\u0105 przygod\u0119! W ramach lekcji o roli muzyki w filmie wybrali\u015bmy si\u0119 do kina w Mys\u0142owicach, gdzie obejrzeli\u015bmy inspiruj\u0105cy film pt. \u201eM\u0142odzi detektywi i zagadka nosoro\u017cca\u201d. Dzi\u0119ki temu nie tylko poznali\u015bmy tajniki filmowego \u015bwiata, ale te\u017c dowiedzieli\u015bmy si\u0119, jak muzyka buduje napi\u0119cie, podkre\u015bla emocje i dodaje magii ka\u017cdej scenie. \u2728 Po&hellip;","_links":{"self":[{"href":"https:\/\/sp1.imielin.pl\/index.php\/wp-json\/wp\/v2\/posts\/19667","targetHints":{"allow":["GET"]}}],"collection":[{"href":"https:\/\/sp1.imielin.pl\/index.php\/wp-json\/wp\/v2\/posts"}],"about":[{"href":"https:\/\/sp1.imielin.pl\/index.php\/wp-json\/wp\/v2\/types\/post"}],"author":[{"embeddable":true,"href":"https:\/\/sp1.imielin.pl\/index.php\/wp-json\/wp\/v2\/users\/2"}],"replies":[{"embeddable":true,"href":"https:\/\/sp1.imielin.pl\/index.php\/wp-json\/wp\/v2\/comments?post=19667"}],"version-history":[{"count":0,"href":"https:\/\/sp1.imielin.pl\/index.php\/wp-json\/wp\/v2\/posts\/19667\/revisions"}],"wp:featuredmedia":[{"embeddable":true,"href":"https:\/\/sp1.imielin.pl\/index.php\/wp-json\/wp\/v2\/media\/19668"}],"wp:attachment":[{"href":"https:\/\/sp1.imielin.pl\/index.php\/wp-json\/wp\/v2\/media?parent=19667"}],"wp:term":[{"taxonomy":"category","embeddable":true,"href":"https:\/\/sp1.imielin.pl\/index.php\/wp-json\/wp\/v2\/categories?post=19667"},{"taxonomy":"post_tag","embeddable":true,"href":"https:\/\/sp1.imielin.pl\/index.php\/wp-json\/wp\/v2\/tags?post=19667"}],"curies":[{"name":"wp","href":"https:\/\/api.w.org\/{rel}","templated":true}]}}