{"id":26647,"date":"2025-06-16T21:05:10","date_gmt":"2025-06-16T19:05:10","guid":{"rendered":"https:\/\/sp1.imielin.pl\/?p=26647"},"modified":"2025-06-17T17:35:04","modified_gmt":"2025-06-17T15:35:04","slug":"akcja-nie-badz-atrakcyjny-dla-kleszczy","status":"publish","type":"post","link":"https:\/\/sp1.imielin.pl\/index.php\/2025\/06\/16\/akcja-nie-badz-atrakcyjny-dla-kleszczy\/","title":{"rendered":"Akcja \u201eNie b\u0105d\u017a atrakcyjny dla kleszczy\u201d"},"content":{"rendered":"<div dir=\"auto\">Uczniowie klas 1-3 wzi\u0119li udzia\u0142 w Akcji \u201eNie b\u0105d\u017a atrakcyjny dla kleszczy\u201d.<\/div>\n<div dir=\"auto\">&#8222;Lekcja kleszczochrony&#8221; to zaj\u0119cia edukacyjne maj\u0105ce na celu podniesienie \u015bwiadomo\u015bci na temat zagro\u017ce\u0144 zwi\u0105zanych z kleszczami oraz sposob\u00f3w ochrony przed nimi.<\/div>\n<div dir=\"auto\">Lekcja skupia si\u0119 na informacjach o kleszczach, ich wyst\u0119powaniu, przenoszonych chorobach (jak borelioza i kleszczowe zapalenie m\u00f3zgu), a przede wszystkim na metodach zapobiegania i prawid\u0142owego usuwania kleszczy.<\/div>\n<div dir=\"auto\"><\/div>\n<div dir=\"auto\"><a href=\"https:\/\/www.facebook.com\/sp1.imielin\/videos\/1239384170535785\">FILM\u00a0<\/a><\/div>\n<div class=\"pld-like-dislike-wrap pld-template-2\">\r\n    <div class=\"pld-like-wrap  pld-common-wrap\">\r\n    <a href=\"javascript:void(0)\" class=\"pld-like-trigger pld-like-dislike-trigger  \" title=\"\" data-post-id=\"26647\" data-trigger-type=\"like\" data-restriction=\"cookie\" data-already-liked=\"0\">\r\n                        <i class=\"fas fa-heart\"><\/i>\r\n                <\/a>\r\n    <span class=\"pld-like-count-wrap pld-count-wrap\">    <\/span>\r\n<\/div><\/div>","protected":false},"excerpt":{"rendered":"<p>Uczniowie klas 1-3 wzi\u0119li udzia\u0142 w Akcji \u201eNie b\u0105d\u017a atrakcyjny dla kleszczy\u201d. &#8222;Lekcja kleszczochrony&#8221; to zaj\u0119cia edukacyjne maj\u0105ce na celu podniesienie \u015bwiadomo\u015bci na temat zagro\u017ce\u0144 zwi\u0105zanych z kleszczami oraz sposob\u00f3w ochrony przed nimi. Lekcja skupia si\u0119 na informacjach o kleszczach, ich wyst\u0119powaniu, przenoszonych chorobach (jak borelioza i kleszczowe zapalenie m\u00f3zgu), a przede wszystkim na metodach [&hellip;]<\/p>\n","protected":false},"author":2,"featured_media":26648,"comment_status":"closed","ping_status":"open","sticky":false,"template":"","format":"standard","meta":{"_uag_custom_page_level_css":"","footnotes":""},"categories":[5],"tags":[],"class_list":["post-26647","post","type-post","status-publish","format-standard","has-post-thumbnail","hentry","category-z-zycia-szkoly"],"uagb_featured_image_src":{"full":["https:\/\/sp1.imielin.pl\/wp-content\/uploads\/2025\/06\/kleszcz.png",377,216,false],"thumbnail":["https:\/\/sp1.imielin.pl\/wp-content\/uploads\/2025\/06\/kleszcz-150x150.png",150,150,true],"medium":["https:\/\/sp1.imielin.pl\/wp-content\/uploads\/2025\/06\/kleszcz-300x172.png",300,172,true],"medium_large":["https:\/\/sp1.imielin.pl\/wp-content\/uploads\/2025\/06\/kleszcz.png",377,216,false],"large":["https:\/\/sp1.imielin.pl\/wp-content\/uploads\/2025\/06\/kleszcz.png",377,216,false],"1536x1536":["https:\/\/sp1.imielin.pl\/wp-content\/uploads\/2025\/06\/kleszcz.png",377,216,false],"2048x2048":["https:\/\/sp1.imielin.pl\/wp-content\/uploads\/2025\/06\/kleszcz.png",377,216,false],"gurukul-education-featured-image":["https:\/\/sp1.imielin.pl\/wp-content\/uploads\/2025\/06\/kleszcz.png",377,216,false],"gurukul-education-thumbnail-avatar":["https:\/\/sp1.imielin.pl\/wp-content\/uploads\/2025\/06\/kleszcz-100x100.png",100,100,true]},"uagb_author_info":{"display_name":"Maria Habryka","author_link":"https:\/\/sp1.imielin.pl\/index.php\/author\/maria\/"},"uagb_comment_info":0,"uagb_excerpt":"Uczniowie klas 1-3 wzi\u0119li udzia\u0142 w Akcji \u201eNie b\u0105d\u017a atrakcyjny dla kleszczy\u201d. &#8222;Lekcja kleszczochrony&#8221; to zaj\u0119cia edukacyjne maj\u0105ce na celu podniesienie \u015bwiadomo\u015bci na temat zagro\u017ce\u0144 zwi\u0105zanych z kleszczami oraz sposob\u00f3w ochrony przed nimi. Lekcja skupia si\u0119 na informacjach o kleszczach, ich wyst\u0119powaniu, przenoszonych chorobach (jak borelioza i kleszczowe zapalenie m\u00f3zgu), a przede wszystkim na metodach&hellip;","_links":{"self":[{"href":"https:\/\/sp1.imielin.pl\/index.php\/wp-json\/wp\/v2\/posts\/26647","targetHints":{"allow":["GET"]}}],"collection":[{"href":"https:\/\/sp1.imielin.pl\/index.php\/wp-json\/wp\/v2\/posts"}],"about":[{"href":"https:\/\/sp1.imielin.pl\/index.php\/wp-json\/wp\/v2\/types\/post"}],"author":[{"embeddable":true,"href":"https:\/\/sp1.imielin.pl\/index.php\/wp-json\/wp\/v2\/users\/2"}],"replies":[{"embeddable":true,"href":"https:\/\/sp1.imielin.pl\/index.php\/wp-json\/wp\/v2\/comments?post=26647"}],"version-history":[{"count":1,"href":"https:\/\/sp1.imielin.pl\/index.php\/wp-json\/wp\/v2\/posts\/26647\/revisions"}],"predecessor-version":[{"id":26649,"href":"https:\/\/sp1.imielin.pl\/index.php\/wp-json\/wp\/v2\/posts\/26647\/revisions\/26649"}],"wp:featuredmedia":[{"embeddable":true,"href":"https:\/\/sp1.imielin.pl\/index.php\/wp-json\/wp\/v2\/media\/26648"}],"wp:attachment":[{"href":"https:\/\/sp1.imielin.pl\/index.php\/wp-json\/wp\/v2\/media?parent=26647"}],"wp:term":[{"taxonomy":"category","embeddable":true,"href":"https:\/\/sp1.imielin.pl\/index.php\/wp-json\/wp\/v2\/categories?post=26647"},{"taxonomy":"post_tag","embeddable":true,"href":"https:\/\/sp1.imielin.pl\/index.php\/wp-json\/wp\/v2\/tags?post=26647"}],"curies":[{"name":"wp","href":"https:\/\/api.w.org\/{rel}","templated":true}]}}