{"id":28244,"date":"2026-04-29T20:29:23","date_gmt":"2026-04-29T18:29:23","guid":{"rendered":"https:\/\/sp1.imielin.pl\/?p=28244"},"modified":"2026-04-29T20:29:23","modified_gmt":"2026-04-29T18:29:23","slug":"uczniowie-klas-1-3-wzieli-udzial-w-akcji-wirusoochrona","status":"publish","type":"post","link":"https:\/\/sp1.imielin.pl\/index.php\/2026\/04\/29\/uczniowie-klas-1-3-wzieli-udzial-w-akcji-wirusoochrona\/","title":{"rendered":"Uczniowie klas 1\u20133 wzi\u0119li udzia\u0142 w akcji \u201eWirusoochrona\u201d"},"content":{"rendered":"<div dir=\"auto\">W ostatnich tygodniach uczniowie klas 1\u20133 wzi\u0119li udzia\u0142 w akcji \u201eWirusoochrona\u201d. <span class=\"html-span xexx8yu xyri2b x18d9i69 x1c1uobl x1hl2dhg x16tdsg8 x1vvkbs x3nfvp2 x1j61x8r x1fcty0u xdj266r xat24cr xm2jcoa x1mpyi22 xxymvpz xlup9mm x1kky2od\"><img loading=\"lazy\" decoding=\"async\" class=\"xz74otr x15mokao x1ga7v0g x16uus16 xbiv7yw\" src=\"https:\/\/static.xx.fbcdn.net\/images\/emoji.php\/v9\/t0\/1\/16\/1f9a0.png\" alt=\"\ud83e\udda0\" width=\"16\" height=\"16\" \/><\/span>Jej celem by\u0142o poszerzenie wiedzy dzieci na temat zapobiegania chorobom zaka\u017anym oraz sposob\u00f3w ich przenoszenia, w tym drog\u0105 kropelkow\u0105.<\/div>\n<div dir=\"auto\">Podczas zaj\u0119\u0107 uczniowie utrwalili zasady higieny, jako podstawowego sposobu ochrony przed wirusami. Dowiedzieli si\u0119 r\u00f3wnie\u017c, jak wa\u017cne jest regularne mycie r\u0105k, zas\u0142anianie ust podczas kaszlu i kichania oraz dbanie o zdrowie swoje i innych.<\/div>\n<div dir=\"auto\">Bo zdrowie zaczyna si\u0119 od prostych, codziennych wybor\u00f3w!<\/div>\n<div dir=\"auto\"><\/div>\n<div dir=\"auto\"><a href=\"https:\/\/www.facebook.com\/photo?fbid=1560044319220646&amp;set=pcb.1560044479220630\">FOTORELACJA\u00a0<\/a><\/div>\n<div class=\"pld-like-dislike-wrap pld-template-2\">\r\n    <div class=\"pld-like-wrap  pld-common-wrap\">\r\n    <a href=\"javascript:void(0)\" class=\"pld-like-trigger pld-like-dislike-trigger  \" title=\"\" data-post-id=\"28244\" data-trigger-type=\"like\" data-restriction=\"cookie\" data-already-liked=\"0\">\r\n                        <i class=\"fas fa-heart\"><\/i>\r\n                <\/a>\r\n    <span class=\"pld-like-count-wrap pld-count-wrap\">    <\/span>\r\n<\/div><\/div>","protected":false},"excerpt":{"rendered":"<p>W ostatnich tygodniach uczniowie klas 1\u20133 wzi\u0119li udzia\u0142 w akcji \u201eWirusoochrona\u201d. Jej celem by\u0142o poszerzenie wiedzy dzieci na temat zapobiegania chorobom zaka\u017anym oraz sposob\u00f3w ich przenoszenia, w tym drog\u0105 kropelkow\u0105. Podczas zaj\u0119\u0107 uczniowie utrwalili zasady higieny, jako podstawowego sposobu ochrony przed wirusami. Dowiedzieli si\u0119 r\u00f3wnie\u017c, jak wa\u017cne jest regularne mycie r\u0105k, zas\u0142anianie ust podczas kaszlu [&hellip;]<\/p>\n","protected":false},"author":2,"featured_media":28245,"comment_status":"closed","ping_status":"open","sticky":false,"template":"","format":"standard","meta":{"_uag_custom_page_level_css":"","footnotes":""},"categories":[5],"tags":[],"class_list":["post-28244","post","type-post","status-publish","format-standard","has-post-thumbnail","hentry","category-z-zycia-szkoly"],"uagb_featured_image_src":{"full":["https:\/\/sp1.imielin.pl\/wp-content\/uploads\/2026\/04\/685134396_1560043969220681_1870802862794625963_n.jpg",524,336,false],"thumbnail":["https:\/\/sp1.imielin.pl\/wp-content\/uploads\/2026\/04\/685134396_1560043969220681_1870802862794625963_n-150x150.jpg",150,150,true],"medium":["https:\/\/sp1.imielin.pl\/wp-content\/uploads\/2026\/04\/685134396_1560043969220681_1870802862794625963_n-300x192.jpg",300,192,true],"medium_large":["https:\/\/sp1.imielin.pl\/wp-content\/uploads\/2026\/04\/685134396_1560043969220681_1870802862794625963_n.jpg",524,336,false],"large":["https:\/\/sp1.imielin.pl\/wp-content\/uploads\/2026\/04\/685134396_1560043969220681_1870802862794625963_n.jpg",524,336,false],"1536x1536":["https:\/\/sp1.imielin.pl\/wp-content\/uploads\/2026\/04\/685134396_1560043969220681_1870802862794625963_n.jpg",524,336,false],"2048x2048":["https:\/\/sp1.imielin.pl\/wp-content\/uploads\/2026\/04\/685134396_1560043969220681_1870802862794625963_n.jpg",524,336,false],"gurukul-education-featured-image":["https:\/\/sp1.imielin.pl\/wp-content\/uploads\/2026\/04\/685134396_1560043969220681_1870802862794625963_n.jpg",524,336,false],"gurukul-education-thumbnail-avatar":["https:\/\/sp1.imielin.pl\/wp-content\/uploads\/2026\/04\/685134396_1560043969220681_1870802862794625963_n-100x100.jpg",100,100,true]},"uagb_author_info":{"display_name":"Maria Habryka","author_link":"https:\/\/sp1.imielin.pl\/index.php\/author\/maria\/"},"uagb_comment_info":0,"uagb_excerpt":"W ostatnich tygodniach uczniowie klas 1\u20133 wzi\u0119li udzia\u0142 w akcji \u201eWirusoochrona\u201d. Jej celem by\u0142o poszerzenie wiedzy dzieci na temat zapobiegania chorobom zaka\u017anym oraz sposob\u00f3w ich przenoszenia, w tym drog\u0105 kropelkow\u0105. Podczas zaj\u0119\u0107 uczniowie utrwalili zasady higieny, jako podstawowego sposobu ochrony przed wirusami. Dowiedzieli si\u0119 r\u00f3wnie\u017c, jak wa\u017cne jest regularne mycie r\u0105k, zas\u0142anianie ust podczas kaszlu&hellip;","_links":{"self":[{"href":"https:\/\/sp1.imielin.pl\/index.php\/wp-json\/wp\/v2\/posts\/28244","targetHints":{"allow":["GET"]}}],"collection":[{"href":"https:\/\/sp1.imielin.pl\/index.php\/wp-json\/wp\/v2\/posts"}],"about":[{"href":"https:\/\/sp1.imielin.pl\/index.php\/wp-json\/wp\/v2\/types\/post"}],"author":[{"embeddable":true,"href":"https:\/\/sp1.imielin.pl\/index.php\/wp-json\/wp\/v2\/users\/2"}],"replies":[{"embeddable":true,"href":"https:\/\/sp1.imielin.pl\/index.php\/wp-json\/wp\/v2\/comments?post=28244"}],"version-history":[{"count":1,"href":"https:\/\/sp1.imielin.pl\/index.php\/wp-json\/wp\/v2\/posts\/28244\/revisions"}],"predecessor-version":[{"id":28246,"href":"https:\/\/sp1.imielin.pl\/index.php\/wp-json\/wp\/v2\/posts\/28244\/revisions\/28246"}],"wp:featuredmedia":[{"embeddable":true,"href":"https:\/\/sp1.imielin.pl\/index.php\/wp-json\/wp\/v2\/media\/28245"}],"wp:attachment":[{"href":"https:\/\/sp1.imielin.pl\/index.php\/wp-json\/wp\/v2\/media?parent=28244"}],"wp:term":[{"taxonomy":"category","embeddable":true,"href":"https:\/\/sp1.imielin.pl\/index.php\/wp-json\/wp\/v2\/categories?post=28244"},{"taxonomy":"post_tag","embeddable":true,"href":"https:\/\/sp1.imielin.pl\/index.php\/wp-json\/wp\/v2\/tags?post=28244"}],"curies":[{"name":"wp","href":"https:\/\/api.w.org\/{rel}","templated":true}]}}