{"id":28247,"date":"2026-04-29T21:08:41","date_gmt":"2026-04-29T19:08:41","guid":{"rendered":"https:\/\/sp1.imielin.pl\/?p=28247"},"modified":"2026-04-30T08:10:36","modified_gmt":"2026-04-30T06:10:36","slug":"uczniowie-klas-7-i-8-na-warsztatach-z-chemii","status":"publish","type":"post","link":"https:\/\/sp1.imielin.pl\/index.php\/2026\/04\/29\/uczniowie-klas-7-i-8-na-warsztatach-z-chemii\/","title":{"rendered":"Uczniowie klas 7 i 8 na warsztatach z chemii"},"content":{"rendered":"<div dir=\"auto\">Dzi\u015b w naszej szkole pojawi\u0142o si\u0119 co\u015b, czego nie ma w podstawie programowej.<\/div>\n<div dir=\"auto\">Ciek\u0142y azot, suchy l\u00f3d, p\u0142omienie <span class=\"html-span xexx8yu xyri2b x18d9i69 x1c1uobl x1hl2dhg x16tdsg8 x1vvkbs x3nfvp2 x1j61x8r x1fcty0u xdj266r xat24cr xm2jcoa x1mpyi22 xxymvpz xlup9mm x1kky2od\"><img loading=\"lazy\" decoding=\"async\" class=\"xz74otr x15mokao x1ga7v0g x16uus16 xbiv7yw\" src=\"https:\/\/static.xx.fbcdn.net\/images\/emoji.php\/v9\/t50\/1\/16\/1f525.png\" alt=\"\ud83d\udd25\" width=\"16\" height=\"16\" \/><\/span> i du\u017co dobrej zabawy.<\/div>\n<div dir=\"auto\">Uczniowie klas 7 i 8 na warsztatach z chemii nie tylko ogl\u0105dali pokazy do\u015bwiadcze\u0144 z ciek\u0142ym azotem czy suchym lodem. Sami czynnie brali w nich udzia\u0142. Samodzielnie zamra\u017cali r\u00f3\u017cne rzeczy w ciek\u0142ym azocie, przygotowywali sztuczn\u0105 krew <span class=\"html-span xexx8yu xyri2b x18d9i69 x1c1uobl x1hl2dhg x16tdsg8 x1vvkbs x3nfvp2 x1j61x8r x1fcty0u xdj266r xat24cr xm2jcoa x1mpyi22 xxymvpz xlup9mm x1kky2od\"><img loading=\"lazy\" decoding=\"async\" class=\"xz74otr x15mokao x1ga7v0g x16uus16 xbiv7yw\" src=\"https:\/\/static.xx.fbcdn.net\/images\/emoji.php\/v9\/t1a\/1\/16\/1fa78.png\" alt=\"\ud83e\ude78\" width=\"16\" height=\"16\" \/><\/span>a nawet do\u015bwiadczyli substancji kt\u00f3ra na codzie\u0144 znajduje si\u0119 w pieluchach jednorazowych.<\/div>\n<div dir=\"auto\">Miejmy nadziej\u0119, \u017ce pasja jaka nasza chemiczka chce im przekaza\u0107, udzieli si\u0119 tym m\u0142odym naukowcom.<\/div>\n<div dir=\"auto\"><\/div>\n<div dir=\"auto\"><a href=\"https:\/\/www.facebook.com\/reel\/939472242268264\">FILM\u00a0<\/a><\/div>\n<div class=\"pld-like-dislike-wrap pld-template-2\">\r\n    <div class=\"pld-like-wrap  pld-common-wrap\">\r\n    <a href=\"javascript:void(0)\" class=\"pld-like-trigger pld-like-dislike-trigger  \" title=\"\" data-post-id=\"28247\" data-trigger-type=\"like\" data-restriction=\"cookie\" data-already-liked=\"0\">\r\n                        <i class=\"fas fa-heart\"><\/i>\r\n                <\/a>\r\n    <span class=\"pld-like-count-wrap pld-count-wrap\">    <\/span>\r\n<\/div><\/div>","protected":false},"excerpt":{"rendered":"<p>Dzi\u015b w naszej szkole pojawi\u0142o si\u0119 co\u015b, czego nie ma w podstawie programowej. Ciek\u0142y azot, suchy l\u00f3d, p\u0142omienie i du\u017co dobrej zabawy. Uczniowie klas 7 i 8 na warsztatach z chemii nie tylko ogl\u0105dali pokazy do\u015bwiadcze\u0144 z ciek\u0142ym azotem czy suchym lodem. Sami czynnie brali w nich udzia\u0142. Samodzielnie zamra\u017cali r\u00f3\u017cne rzeczy w ciek\u0142ym azocie, [&hellip;]<\/p>\n","protected":false},"author":2,"featured_media":28248,"comment_status":"closed","ping_status":"open","sticky":false,"template":"","format":"standard","meta":{"_uag_custom_page_level_css":"","footnotes":""},"categories":[5],"tags":[],"class_list":["post-28247","post","type-post","status-publish","format-standard","has-post-thumbnail","hentry","category-z-zycia-szkoly"],"uagb_featured_image_src":{"full":["https:\/\/sp1.imielin.pl\/wp-content\/uploads\/2026\/04\/chemia.jpg",419,271,false],"thumbnail":["https:\/\/sp1.imielin.pl\/wp-content\/uploads\/2026\/04\/chemia-150x150.jpg",150,150,true],"medium":["https:\/\/sp1.imielin.pl\/wp-content\/uploads\/2026\/04\/chemia-300x194.jpg",300,194,true],"medium_large":["https:\/\/sp1.imielin.pl\/wp-content\/uploads\/2026\/04\/chemia.jpg",419,271,false],"large":["https:\/\/sp1.imielin.pl\/wp-content\/uploads\/2026\/04\/chemia.jpg",419,271,false],"1536x1536":["https:\/\/sp1.imielin.pl\/wp-content\/uploads\/2026\/04\/chemia.jpg",419,271,false],"2048x2048":["https:\/\/sp1.imielin.pl\/wp-content\/uploads\/2026\/04\/chemia.jpg",419,271,false],"gurukul-education-featured-image":["https:\/\/sp1.imielin.pl\/wp-content\/uploads\/2026\/04\/chemia.jpg",419,271,false],"gurukul-education-thumbnail-avatar":["https:\/\/sp1.imielin.pl\/wp-content\/uploads\/2026\/04\/chemia-100x100.jpg",100,100,true]},"uagb_author_info":{"display_name":"Maria Habryka","author_link":"https:\/\/sp1.imielin.pl\/index.php\/author\/maria\/"},"uagb_comment_info":0,"uagb_excerpt":"Dzi\u015b w naszej szkole pojawi\u0142o si\u0119 co\u015b, czego nie ma w podstawie programowej. Ciek\u0142y azot, suchy l\u00f3d, p\u0142omienie i du\u017co dobrej zabawy. Uczniowie klas 7 i 8 na warsztatach z chemii nie tylko ogl\u0105dali pokazy do\u015bwiadcze\u0144 z ciek\u0142ym azotem czy suchym lodem. Sami czynnie brali w nich udzia\u0142. Samodzielnie zamra\u017cali r\u00f3\u017cne rzeczy w ciek\u0142ym azocie,&hellip;","_links":{"self":[{"href":"https:\/\/sp1.imielin.pl\/index.php\/wp-json\/wp\/v2\/posts\/28247","targetHints":{"allow":["GET"]}}],"collection":[{"href":"https:\/\/sp1.imielin.pl\/index.php\/wp-json\/wp\/v2\/posts"}],"about":[{"href":"https:\/\/sp1.imielin.pl\/index.php\/wp-json\/wp\/v2\/types\/post"}],"author":[{"embeddable":true,"href":"https:\/\/sp1.imielin.pl\/index.php\/wp-json\/wp\/v2\/users\/2"}],"replies":[{"embeddable":true,"href":"https:\/\/sp1.imielin.pl\/index.php\/wp-json\/wp\/v2\/comments?post=28247"}],"version-history":[{"count":1,"href":"https:\/\/sp1.imielin.pl\/index.php\/wp-json\/wp\/v2\/posts\/28247\/revisions"}],"predecessor-version":[{"id":28249,"href":"https:\/\/sp1.imielin.pl\/index.php\/wp-json\/wp\/v2\/posts\/28247\/revisions\/28249"}],"wp:featuredmedia":[{"embeddable":true,"href":"https:\/\/sp1.imielin.pl\/index.php\/wp-json\/wp\/v2\/media\/28248"}],"wp:attachment":[{"href":"https:\/\/sp1.imielin.pl\/index.php\/wp-json\/wp\/v2\/media?parent=28247"}],"wp:term":[{"taxonomy":"category","embeddable":true,"href":"https:\/\/sp1.imielin.pl\/index.php\/wp-json\/wp\/v2\/categories?post=28247"},{"taxonomy":"post_tag","embeddable":true,"href":"https:\/\/sp1.imielin.pl\/index.php\/wp-json\/wp\/v2\/tags?post=28247"}],"curies":[{"name":"wp","href":"https:\/\/api.w.org\/{rel}","templated":true}]}}